{"id":1501,"date":"2019-02-15T14:23:21","date_gmt":"2019-02-15T13:23:21","guid":{"rendered":"https:\/\/www.albalatdelstarongers.es\/?p=1501"},"modified":"2019-03-13T13:28:22","modified_gmt":"2019-03-13T12:28:22","slug":"seleccion-y-bolsa-de-trabajo-de-gestor-cultural","status":"publish","type":"post","link":"https:\/\/www.albalatdelstarongers.es\/es\/seleccion-y-bolsa-de-trabajo-de-gestor-cultural\/","title":{"rendered":"Selecci\u00f3n y bolsa de trabajo de gestor cultural"},"content":{"rendered":"<p>Consulta en el siguiente enlace los resultados:\u00a0<a href=\"https:\/\/www.albalatdelstarongers.es\/wp-content\/uploads\/2019\/02\/Acta-de-baremaci\u00f3n.pdf\">Acta de baremaci\u00f3n<\/a><\/p>\n<p>Convocatoria y bases que regir\u00e1n el proceso de selecci\u00f3n de personal laboral temporal mediante contrato laboral temporal a tiempo parcial, para un puesto de gestor cultural, as\u00ed como la constituci\u00f3n de una bolsa de trabajo, por medio del sistema de concurso de m\u00e9ritos.\u00a0<em><a href=\"https:\/\/www.albalatdelstarongers.es\/wp-content\/uploads\/2019\/02\/CONVOCATORIA-AGENCIA-LECTURA.pdf\">Mas informaci\u00f3n de la convocatoria<\/a><\/em><\/p>\n<p><img decoding=\"async\" class=\"aligncenter wp-image-1494 size-large\" src=\"https:\/\/www.albalatdelstarongers.es\/wp-content\/uploads\/2019\/02\/20190215132039_00001-724x1024.jpg\" alt=\"\" width=\"724\" height=\"1024\" srcset=\"https:\/\/www.albalatdelstarongers.es\/wp-content\/uploads\/2019\/02\/20190215132039_00001-150x212.jpg 150w, https:\/\/www.albalatdelstarongers.es\/wp-content\/uploads\/2019\/02\/20190215132039_00001-200x283.jpg 200w, https:\/\/www.albalatdelstarongers.es\/wp-content\/uploads\/2019\/02\/20190215132039_00001-212x300.jpg 212w, https:\/\/www.albalatdelstarongers.es\/wp-content\/uploads\/2019\/02\/20190215132039_00001-354x500.jpg 354w, https:\/\/www.albalatdelstarongers.es\/wp-content\/uploads\/2019\/02\/20190215132039_00001-400x566.jpg 400w, https:\/\/www.albalatdelstarongers.es\/wp-content\/uploads\/2019\/02\/20190215132039_00001-600x848.jpg 600w, https:\/\/www.albalatdelstarongers.es\/wp-content\/uploads\/2019\/02\/20190215132039_00001-724x1024.jpg 724w, https:\/\/www.albalatdelstarongers.es\/wp-content\/uploads\/2019\/02\/20190215132039_00001-768x1086.jpg 768w, https:\/\/www.albalatdelstarongers.es\/wp-content\/uploads\/2019\/02\/20190215132039_00001-800x1131.jpg 800w, https:\/\/www.albalatdelstarongers.es\/wp-content\/uploads\/2019\/02\/20190215132039_00001-1200x1697.jpg 1200w\" sizes=\"(max-width: 724px) 100vw, 724px\" \/><\/p>\n","protected":false},"excerpt":{"rendered":"<p>Consulta en el siguiente enlace los resultados:\u00a0Acta de baremaci\u00f3n Convocatoria  [&#8230;]<\/p>\n","protected":false},"author":2,"featured_media":0,"comment_status":"open","ping_status":"open","sticky":false,"template":"","format":"standard","meta":{"_bbp_topic_count":0,"_bbp_reply_count":0,"_bbp_total_topic_count":0,"_bbp_total_reply_count":0,"_bbp_voice_count":0,"_bbp_anonymous_reply_count":0,"_bbp_topic_count_hidden":0,"_bbp_reply_count_hidden":0,"_bbp_forum_subforum_count":0,"footnotes":""},"categories":[1],"tags":[],"class_list":["post-1501","post","type-post","status-publish","format-standard","hentry","category-sin-categorizar"],"yoast_head":"<!-- This site is optimized with the Yoast SEO plugin v26.6 - https:\/\/yoast.com\/wordpress\/plugins\/seo\/ -->\n<title>Selecci\u00f3n y bolsa de trabajo de gestor cultural - Albalat dels Tarongers<\/title>\n<meta name=\"robots\" content=\"index, follow, max-snippet:-1, max-image-preview:large, max-video-preview:-1\" \/>\n<link rel=\"canonical\" href=\"https:\/\/www.albalatdelstarongers.es\/es\/seleccion-y-bolsa-de-trabajo-de-gestor-cultural\/\" \/>\n<meta property=\"og:locale\" content=\"es_ES\" \/>\n<meta property=\"og:type\" content=\"article\" \/>\n<meta property=\"og:title\" content=\"Selecci\u00f3n y bolsa de trabajo de gestor cultural - Albalat dels Tarongers\" \/>\n<meta property=\"og:description\" content=\"Consulta en el siguiente enlace los resultados:\u00a0Acta de baremaci\u00f3n Convocatoria [...]\" \/>\n<meta property=\"og:url\" content=\"https:\/\/www.albalatdelstarongers.es\/es\/seleccion-y-bolsa-de-trabajo-de-gestor-cultural\/\" \/>\n<meta property=\"og:site_name\" content=\"Albalat dels Tarongers\" \/>\n<meta property=\"article:publisher\" content=\"https:\/\/www.facebook.com\/aytoalbalatdelstarongers\/\" \/>\n<meta property=\"article:published_time\" content=\"2019-02-15T13:23:21+00:00\" \/>\n<meta property=\"article:modified_time\" content=\"2019-03-13T12:28:22+00:00\" \/>\n<meta property=\"og:image\" content=\"https:\/\/www.albalatdelstarongers.es\/wp-content\/uploads\/2019\/02\/20190215132039_00001-724x1024.jpg\" \/>\n<meta name=\"author\" content=\"Sandra\" \/>\n<meta name=\"twitter:card\" content=\"summary_large_image\" \/>\n<meta name=\"twitter:label1\" content=\"Escrito por\" \/>\n\t<meta name=\"twitter:data1\" content=\"Sandra\" \/>\n<script type=\"application\/ld+json\" class=\"yoast-schema-graph\">{\"@context\":\"https:\/\/schema.org\",\"@graph\":[{\"@type\":\"Article\",\"@id\":\"https:\/\/www.albalatdelstarongers.es\/es\/seleccion-y-bolsa-de-trabajo-de-gestor-cultural\/#article\",\"isPartOf\":{\"@id\":\"https:\/\/www.albalatdelstarongers.es\/es\/seleccion-y-bolsa-de-trabajo-de-gestor-cultural\/\"},\"author\":{\"name\":\"Sandra\",\"@id\":\"https:\/\/www.albalatdelstarongers.es\/es\/#\/schema\/person\/aedf0a83549c19bdaea211e35eb23074\"},\"headline\":\"Selecci\u00f3n y bolsa de trabajo de gestor cultural\",\"datePublished\":\"2019-02-15T13:23:21+00:00\",\"dateModified\":\"2019-03-13T12:28:22+00:00\",\"mainEntityOfPage\":{\"@id\":\"https:\/\/www.albalatdelstarongers.es\/es\/seleccion-y-bolsa-de-trabajo-de-gestor-cultural\/\"},\"wordCount\":73,\"commentCount\":0,\"publisher\":{\"@id\":\"https:\/\/www.albalatdelstarongers.es\/es\/#organization\"},\"image\":{\"@id\":\"https:\/\/www.albalatdelstarongers.es\/es\/seleccion-y-bolsa-de-trabajo-de-gestor-cultural\/#primaryimage\"},\"thumbnailUrl\":\"https:\/\/www.albalatdelstarongers.es\/wp-content\/uploads\/2019\/02\/20190215132039_00001-724x1024.jpg\",\"articleSection\":[\"Sin categorizar\"],\"inLanguage\":\"es\",\"potentialAction\":[{\"@type\":\"CommentAction\",\"name\":\"Comment\",\"target\":[\"https:\/\/www.albalatdelstarongers.es\/es\/seleccion-y-bolsa-de-trabajo-de-gestor-cultural\/#respond\"]}]},{\"@type\":\"WebPage\",\"@id\":\"https:\/\/www.albalatdelstarongers.es\/es\/seleccion-y-bolsa-de-trabajo-de-gestor-cultural\/\",\"url\":\"https:\/\/www.albalatdelstarongers.es\/es\/seleccion-y-bolsa-de-trabajo-de-gestor-cultural\/\",\"name\":\"Selecci\u00f3n y bolsa de trabajo de gestor cultural - Albalat dels Tarongers\",\"isPartOf\":{\"@id\":\"https:\/\/www.albalatdelstarongers.es\/es\/#website\"},\"primaryImageOfPage\":{\"@id\":\"https:\/\/www.albalatdelstarongers.es\/es\/seleccion-y-bolsa-de-trabajo-de-gestor-cultural\/#primaryimage\"},\"image\":{\"@id\":\"https:\/\/www.albalatdelstarongers.es\/es\/seleccion-y-bolsa-de-trabajo-de-gestor-cultural\/#primaryimage\"},\"thumbnailUrl\":\"https:\/\/www.albalatdelstarongers.es\/wp-content\/uploads\/2019\/02\/20190215132039_00001-724x1024.jpg\",\"datePublished\":\"2019-02-15T13:23:21+00:00\",\"dateModified\":\"2019-03-13T12:28:22+00:00\",\"breadcrumb\":{\"@id\":\"https:\/\/www.albalatdelstarongers.es\/es\/seleccion-y-bolsa-de-trabajo-de-gestor-cultural\/#breadcrumb\"},\"inLanguage\":\"es\",\"potentialAction\":[{\"@type\":\"ReadAction\",\"target\":[\"https:\/\/www.albalatdelstarongers.es\/es\/seleccion-y-bolsa-de-trabajo-de-gestor-cultural\/\"]}]},{\"@type\":\"ImageObject\",\"inLanguage\":\"es\",\"@id\":\"https:\/\/www.albalatdelstarongers.es\/es\/seleccion-y-bolsa-de-trabajo-de-gestor-cultural\/#primaryimage\",\"url\":\"https:\/\/www.albalatdelstarongers.es\/wp-content\/uploads\/2019\/02\/20190215132039_00001-724x1024.jpg\",\"contentUrl\":\"https:\/\/www.albalatdelstarongers.es\/wp-content\/uploads\/2019\/02\/20190215132039_00001-724x1024.jpg\"},{\"@type\":\"BreadcrumbList\",\"@id\":\"https:\/\/www.albalatdelstarongers.es\/es\/seleccion-y-bolsa-de-trabajo-de-gestor-cultural\/#breadcrumb\",\"itemListElement\":[{\"@type\":\"ListItem\",\"position\":1,\"name\":\"Portada\",\"item\":\"https:\/\/www.albalatdelstarongers.es\/es\/\"},{\"@type\":\"ListItem\",\"position\":2,\"name\":\"Selecci\u00f3n y bolsa de trabajo de gestor cultural\"}]},{\"@type\":\"WebSite\",\"@id\":\"https:\/\/www.albalatdelstarongers.es\/es\/#website\",\"url\":\"https:\/\/www.albalatdelstarongers.es\/es\/\",\"name\":\"Albalat dels Tarongers\",\"description\":\"\",\"publisher\":{\"@id\":\"https:\/\/www.albalatdelstarongers.es\/es\/#organization\"},\"potentialAction\":[{\"@type\":\"SearchAction\",\"target\":{\"@type\":\"EntryPoint\",\"urlTemplate\":\"https:\/\/www.albalatdelstarongers.es\/es\/?s={search_term_string}\"},\"query-input\":{\"@type\":\"PropertyValueSpecification\",\"valueRequired\":true,\"valueName\":\"search_term_string\"}}],\"inLanguage\":\"es\"},{\"@type\":\"Organization\",\"@id\":\"https:\/\/www.albalatdelstarongers.es\/es\/#organization\",\"name\":\"Ajuntament Albalat dels Tarongers\",\"url\":\"https:\/\/www.albalatdelstarongers.es\/es\/\",\"logo\":{\"@type\":\"ImageObject\",\"inLanguage\":\"es\",\"@id\":\"https:\/\/www.albalatdelstarongers.es\/es\/#\/schema\/logo\/image\/\",\"url\":\"https:\/\/www.albalatdelstarongers.es\/wp-content\/uploads\/2018\/11\/Albalat-dels-Tarongers.png\",\"contentUrl\":\"https:\/\/www.albalatdelstarongers.es\/wp-content\/uploads\/2018\/11\/Albalat-dels-Tarongers.png\",\"width\":469,\"height\":110,\"caption\":\"Ajuntament Albalat dels Tarongers\"},\"image\":{\"@id\":\"https:\/\/www.albalatdelstarongers.es\/es\/#\/schema\/logo\/image\/\"},\"sameAs\":[\"https:\/\/www.facebook.com\/aytoalbalatdelstarongers\/\",\"https:\/\/www.instagram.com\/albalat_dels_tarongers\/\"]},{\"@type\":\"Person\",\"@id\":\"https:\/\/www.albalatdelstarongers.es\/es\/#\/schema\/person\/aedf0a83549c19bdaea211e35eb23074\",\"name\":\"Sandra\",\"image\":{\"@type\":\"ImageObject\",\"inLanguage\":\"es\",\"@id\":\"https:\/\/www.albalatdelstarongers.es\/es\/#\/schema\/person\/image\/\",\"url\":\"https:\/\/secure.gravatar.com\/avatar\/70ff4e8615c85b19441f0c43cf614386562960fcfa397729a499419e72e1b6ff?s=96&d=mm&r=g\",\"contentUrl\":\"https:\/\/secure.gravatar.com\/avatar\/70ff4e8615c85b19441f0c43cf614386562960fcfa397729a499419e72e1b6ff?s=96&d=mm&r=g\",\"caption\":\"Sandra\"}}]}<\/script>\n<!-- \/ Yoast SEO plugin. -->","yoast_head_json":{"title":"Selecci\u00f3n y bolsa de trabajo de gestor cultural - Albalat dels Tarongers","robots":{"index":"index","follow":"follow","max-snippet":"max-snippet:-1","max-image-preview":"max-image-preview:large","max-video-preview":"max-video-preview:-1"},"canonical":"https:\/\/www.albalatdelstarongers.es\/es\/seleccion-y-bolsa-de-trabajo-de-gestor-cultural\/","og_locale":"es_ES","og_type":"article","og_title":"Selecci\u00f3n y bolsa de trabajo de gestor cultural - Albalat dels Tarongers","og_description":"Consulta en el siguiente enlace los resultados:\u00a0Acta de baremaci\u00f3n Convocatoria [...]","og_url":"https:\/\/www.albalatdelstarongers.es\/es\/seleccion-y-bolsa-de-trabajo-de-gestor-cultural\/","og_site_name":"Albalat dels Tarongers","article_publisher":"https:\/\/www.facebook.com\/aytoalbalatdelstarongers\/","article_published_time":"2019-02-15T13:23:21+00:00","article_modified_time":"2019-03-13T12:28:22+00:00","og_image":[{"url":"https:\/\/www.albalatdelstarongers.es\/wp-content\/uploads\/2019\/02\/20190215132039_00001-724x1024.jpg","type":"","width":"","height":""}],"author":"Sandra","twitter_card":"summary_large_image","twitter_misc":{"Escrito por":"Sandra"},"schema":{"@context":"https:\/\/schema.org","@graph":[{"@type":"Article","@id":"https:\/\/www.albalatdelstarongers.es\/es\/seleccion-y-bolsa-de-trabajo-de-gestor-cultural\/#article","isPartOf":{"@id":"https:\/\/www.albalatdelstarongers.es\/es\/seleccion-y-bolsa-de-trabajo-de-gestor-cultural\/"},"author":{"name":"Sandra","@id":"https:\/\/www.albalatdelstarongers.es\/es\/#\/schema\/person\/aedf0a83549c19bdaea211e35eb23074"},"headline":"Selecci\u00f3n y bolsa de trabajo de gestor cultural","datePublished":"2019-02-15T13:23:21+00:00","dateModified":"2019-03-13T12:28:22+00:00","mainEntityOfPage":{"@id":"https:\/\/www.albalatdelstarongers.es\/es\/seleccion-y-bolsa-de-trabajo-de-gestor-cultural\/"},"wordCount":73,"commentCount":0,"publisher":{"@id":"https:\/\/www.albalatdelstarongers.es\/es\/#organization"},"image":{"@id":"https:\/\/www.albalatdelstarongers.es\/es\/seleccion-y-bolsa-de-trabajo-de-gestor-cultural\/#primaryimage"},"thumbnailUrl":"https:\/\/www.albalatdelstarongers.es\/wp-content\/uploads\/2019\/02\/20190215132039_00001-724x1024.jpg","articleSection":["Sin categorizar"],"inLanguage":"es","potentialAction":[{"@type":"CommentAction","name":"Comment","target":["https:\/\/www.albalatdelstarongers.es\/es\/seleccion-y-bolsa-de-trabajo-de-gestor-cultural\/#respond"]}]},{"@type":"WebPage","@id":"https:\/\/www.albalatdelstarongers.es\/es\/seleccion-y-bolsa-de-trabajo-de-gestor-cultural\/","url":"https:\/\/www.albalatdelstarongers.es\/es\/seleccion-y-bolsa-de-trabajo-de-gestor-cultural\/","name":"Selecci\u00f3n y bolsa de trabajo de gestor cultural - Albalat dels Tarongers","isPartOf":{"@id":"https:\/\/www.albalatdelstarongers.es\/es\/#website"},"primaryImageOfPage":{"@id":"https:\/\/www.albalatdelstarongers.es\/es\/seleccion-y-bolsa-de-trabajo-de-gestor-cultural\/#primaryimage"},"image":{"@id":"https:\/\/www.albalatdelstarongers.es\/es\/seleccion-y-bolsa-de-trabajo-de-gestor-cultural\/#primaryimage"},"thumbnailUrl":"https:\/\/www.albalatdelstarongers.es\/wp-content\/uploads\/2019\/02\/20190215132039_00001-724x1024.jpg","datePublished":"2019-02-15T13:23:21+00:00","dateModified":"2019-03-13T12:28:22+00:00","breadcrumb":{"@id":"https:\/\/www.albalatdelstarongers.es\/es\/seleccion-y-bolsa-de-trabajo-de-gestor-cultural\/#breadcrumb"},"inLanguage":"es","potentialAction":[{"@type":"ReadAction","target":["https:\/\/www.albalatdelstarongers.es\/es\/seleccion-y-bolsa-de-trabajo-de-gestor-cultural\/"]}]},{"@type":"ImageObject","inLanguage":"es","@id":"https:\/\/www.albalatdelstarongers.es\/es\/seleccion-y-bolsa-de-trabajo-de-gestor-cultural\/#primaryimage","url":"https:\/\/www.albalatdelstarongers.es\/wp-content\/uploads\/2019\/02\/20190215132039_00001-724x1024.jpg","contentUrl":"https:\/\/www.albalatdelstarongers.es\/wp-content\/uploads\/2019\/02\/20190215132039_00001-724x1024.jpg"},{"@type":"BreadcrumbList","@id":"https:\/\/www.albalatdelstarongers.es\/es\/seleccion-y-bolsa-de-trabajo-de-gestor-cultural\/#breadcrumb","itemListElement":[{"@type":"ListItem","position":1,"name":"Portada","item":"https:\/\/www.albalatdelstarongers.es\/es\/"},{"@type":"ListItem","position":2,"name":"Selecci\u00f3n y bolsa de trabajo de gestor cultural"}]},{"@type":"WebSite","@id":"https:\/\/www.albalatdelstarongers.es\/es\/#website","url":"https:\/\/www.albalatdelstarongers.es\/es\/","name":"Albalat dels Tarongers","description":"","publisher":{"@id":"https:\/\/www.albalatdelstarongers.es\/es\/#organization"},"potentialAction":[{"@type":"SearchAction","target":{"@type":"EntryPoint","urlTemplate":"https:\/\/www.albalatdelstarongers.es\/es\/?s={search_term_string}"},"query-input":{"@type":"PropertyValueSpecification","valueRequired":true,"valueName":"search_term_string"}}],"inLanguage":"es"},{"@type":"Organization","@id":"https:\/\/www.albalatdelstarongers.es\/es\/#organization","name":"Ajuntament Albalat dels Tarongers","url":"https:\/\/www.albalatdelstarongers.es\/es\/","logo":{"@type":"ImageObject","inLanguage":"es","@id":"https:\/\/www.albalatdelstarongers.es\/es\/#\/schema\/logo\/image\/","url":"https:\/\/www.albalatdelstarongers.es\/wp-content\/uploads\/2018\/11\/Albalat-dels-Tarongers.png","contentUrl":"https:\/\/www.albalatdelstarongers.es\/wp-content\/uploads\/2018\/11\/Albalat-dels-Tarongers.png","width":469,"height":110,"caption":"Ajuntament Albalat dels Tarongers"},"image":{"@id":"https:\/\/www.albalatdelstarongers.es\/es\/#\/schema\/logo\/image\/"},"sameAs":["https:\/\/www.facebook.com\/aytoalbalatdelstarongers\/","https:\/\/www.instagram.com\/albalat_dels_tarongers\/"]},{"@type":"Person","@id":"https:\/\/www.albalatdelstarongers.es\/es\/#\/schema\/person\/aedf0a83549c19bdaea211e35eb23074","name":"Sandra","image":{"@type":"ImageObject","inLanguage":"es","@id":"https:\/\/www.albalatdelstarongers.es\/es\/#\/schema\/person\/image\/","url":"https:\/\/secure.gravatar.com\/avatar\/70ff4e8615c85b19441f0c43cf614386562960fcfa397729a499419e72e1b6ff?s=96&d=mm&r=g","contentUrl":"https:\/\/secure.gravatar.com\/avatar\/70ff4e8615c85b19441f0c43cf614386562960fcfa397729a499419e72e1b6ff?s=96&d=mm&r=g","caption":"Sandra"}}]}},"_links":{"self":[{"href":"https:\/\/www.albalatdelstarongers.es\/es\/wp-json\/wp\/v2\/posts\/1501","targetHints":{"allow":["GET"]}}],"collection":[{"href":"https:\/\/www.albalatdelstarongers.es\/es\/wp-json\/wp\/v2\/posts"}],"about":[{"href":"https:\/\/www.albalatdelstarongers.es\/es\/wp-json\/wp\/v2\/types\/post"}],"author":[{"embeddable":true,"href":"https:\/\/www.albalatdelstarongers.es\/es\/wp-json\/wp\/v2\/users\/2"}],"replies":[{"embeddable":true,"href":"https:\/\/www.albalatdelstarongers.es\/es\/wp-json\/wp\/v2\/comments?post=1501"}],"version-history":[{"count":5,"href":"https:\/\/www.albalatdelstarongers.es\/es\/wp-json\/wp\/v2\/posts\/1501\/revisions"}],"predecessor-version":[{"id":1581,"href":"https:\/\/www.albalatdelstarongers.es\/es\/wp-json\/wp\/v2\/posts\/1501\/revisions\/1581"}],"wp:attachment":[{"href":"https:\/\/www.albalatdelstarongers.es\/es\/wp-json\/wp\/v2\/media?parent=1501"}],"wp:term":[{"taxonomy":"category","embeddable":true,"href":"https:\/\/www.albalatdelstarongers.es\/es\/wp-json\/wp\/v2\/categories?post=1501"},{"taxonomy":"post_tag","embeddable":true,"href":"https:\/\/www.albalatdelstarongers.es\/es\/wp-json\/wp\/v2\/tags?post=1501"}],"curies":[{"name":"wp","href":"https:\/\/api.w.org\/{rel}","templated":true}]}}