{"id":8416,"date":"2024-05-09T09:21:26","date_gmt":"2024-05-09T07:21:26","guid":{"rendered":"https:\/\/www.albalatdelstarongers.es\/?p=8416"},"modified":"2024-05-09T09:35:03","modified_gmt":"2024-05-09T07:35:03","slug":"inicio-de-las-actuaciones-comprendidas-en-la-subvencion-reacciona-2022-gestion-forestal-y-prevencion-de-incendios-forestales-modalidad-b-1-4","status":"publish","type":"post","link":"https:\/\/www.albalatdelstarongers.es\/es\/inicio-de-las-actuaciones-comprendidas-en-la-subvencion-reacciona-2022-gestion-forestal-y-prevencion-de-incendios-forestales-modalidad-b-1-4\/","title":{"rendered":"Inicio de las actuaciones comprendidas en la subvenci\u00f3n Reacciona 2022 &#8211; Gesti\u00f3n Forestal y Prevenci\u00f3n de Incendios Forestales. Modalidad B.1.4"},"content":{"rendered":"<p><strong>Gesti\u00f3n Forestal 2022 &#8211; Modalidad B.1.4<\/strong><\/p>\n<p><strong>\u201cMantenimiento de l\u00edneas defensa contra incendios forestales y eliminaci\u00f3n de restos\u201d\u00a0\u2013 Fase ejecuci\u00f3n\u00a0\u00a0<\/strong><\/p>\n<p>&nbsp;<\/p>\n<p>4 de marzo de 2024<\/p>\n<p><b>Albalat dels Tarongers, beneficiaria de una subvenci\u00f3n de la Diputaci\u00f3n de Val\u00e8ncia para la gesti\u00f3n forestal sostenible y la prevenci\u00f3n de incendios forestales REACCIONA 2022\u00a0<\/b>inicia las actuaciones silv\u00edcolas en fajas auxiliares del interfaz urbano-forestal \u201cELS TERRERS\u201d consistentes en clareo, poda, desbroce, saca de madera y trituraci\u00f3n de los restos generados.<\/p>\n<p style=\"font-weight: 400;\">Las parcelas comprendidas en el \u00e1rea de actuaci\u00f3n son las siguientes:<\/p>\n<p style=\"font-weight: 400;\">\u00b746010A001004130000EY<\/p>\n<p style=\"font-weight: 400;\">\u00b746010A001002550000EG<\/p>\n<p style=\"font-weight: 400;\">\u00b746010A001004520000EL<\/p>\n<p style=\"font-weight: 400;\">\u00b746010A001005410000EB<\/p>\n<p style=\"font-weight: 400;\">\u00b746010A001005550000ER<\/p>\n<p style=\"font-weight: 400;\">\u00b746010A001001010000ET<\/p>\n<p style=\"font-weight: 400;\">\u00b746010A001004530000ET<\/p>\n<p style=\"font-weight: 400;\">\u00b746010A001000870000EU<\/p>\n<p style=\"font-weight: 400;\">\u00b746010A001000850000ES<\/p>\n<p style=\"font-weight: 400;\">\u00b746010A001004120000EB<\/p>\n<p style=\"font-weight: 400;\">\u00b746010A001000780000EX<\/p>\n<p style=\"font-weight: 400;\">\u00b746010A001000740000EO<\/p>\n<p style=\"font-weight: 400;\">\u00b746010A001000720000EF<\/p>\n<p style=\"font-weight: 400;\">\u00b746010A001000680000ET<\/p>\n<p style=\"font-weight: 400;\">\u00b746010A001000650000EQ<\/p>\n<p>La zona afectada presenta el siguiente estado antes de acometer los trabajos:<\/p>\n<div style=\"width: 848px;\" class=\"wp-video\"><video class=\"wp-video-shortcode\" id=\"video-8416-1\" width=\"848\" height=\"480\" preload=\"metadata\" controls=\"controls\"><source type=\"video\/mp4\" src=\"https:\/\/www.albalatdelstarongers.es\/wp-content\/uploads\/2024\/05\/TERRERS-ANTES.mp4?_=1\" \/><a href=\"https:\/\/www.albalatdelstarongers.es\/wp-content\/uploads\/2024\/05\/TERRERS-ANTES.mp4\">https:\/\/www.albalatdelstarongers.es\/wp-content\/uploads\/2024\/05\/TERRERS-ANTES.mp4<\/a><\/video><\/div>\n<p>&nbsp;<\/p>\n<p>&nbsp;<\/p>\n<p style=\"font-weight: 400;\">El plazo de ejecuci\u00f3n aproximado es de 30 d\u00edas.<\/p>\n<p style=\"font-weight: 400;\">Presupuesto total: 18.922,38\u20ac<\/p>\n<p style=\"font-weight: 400;\">Importe subvencionado\u00a0por el AREA DE MEDIO AMBIENTE DE LA DIPUTACI\u00d3N DE VALENCIA: 19.363,70\u20ac<\/p>\n<p>&nbsp;<\/p>\n<p>&nbsp;<\/p>\n<p>&nbsp;<\/p>\n<p>&nbsp;<\/p>\n<p>&nbsp;<\/p>\n","protected":false},"excerpt":{"rendered":"<p>Gesti\u00f3n Forestal 2022 &#8211; Modalidad B.1.4 \u201cMantenimiento de l\u00edneas defensa  [&#8230;]<\/p>\n","protected":false},"author":2,"featured_media":8384,"comment_status":"open","ping_status":"open","sticky":false,"template":"","format":"standard","meta":{"_bbp_topic_count":0,"_bbp_reply_count":0,"_bbp_total_topic_count":0,"_bbp_total_reply_count":0,"_bbp_voice_count":0,"_bbp_anonymous_reply_count":0,"_bbp_topic_count_hidden":0,"_bbp_reply_count_hidden":0,"_bbp_forum_subforum_count":0,"footnotes":""},"categories":[55],"tags":[],"class_list":["post-8416","post","type-post","status-publish","format-standard","has-post-thumbnail","hentry","category-noticias-es"],"yoast_head":"<!-- This site is optimized with the Yoast SEO plugin v26.6 - https:\/\/yoast.com\/wordpress\/plugins\/seo\/ -->\n<title>Inicio de las actuaciones comprendidas en la subvenci\u00f3n Reacciona 2022 - Gesti\u00f3n Forestal y Prevenci\u00f3n de Incendios Forestales. Modalidad B.1.4 - Albalat dels Tarongers<\/title>\n<meta name=\"robots\" content=\"index, follow, max-snippet:-1, max-image-preview:large, max-video-preview:-1\" \/>\n<link rel=\"canonical\" href=\"https:\/\/www.albalatdelstarongers.es\/es\/inicio-de-las-actuaciones-comprendidas-en-la-subvencion-reacciona-2022-gestion-forestal-y-prevencion-de-incendios-forestales-modalidad-b-1-4\/\" \/>\n<meta property=\"og:locale\" content=\"es_ES\" \/>\n<meta property=\"og:type\" content=\"article\" \/>\n<meta property=\"og:title\" content=\"Inicio de las actuaciones comprendidas en la subvenci\u00f3n Reacciona 2022 - Gesti\u00f3n Forestal y Prevenci\u00f3n de Incendios Forestales. Modalidad B.1.4 - Albalat dels Tarongers\" \/>\n<meta property=\"og:description\" content=\"Gesti\u00f3n Forestal 2022 &#8211; Modalidad B.1.4 \u201cMantenimiento de l\u00edneas defensa [...]\" \/>\n<meta property=\"og:url\" content=\"https:\/\/www.albalatdelstarongers.es\/es\/inicio-de-las-actuaciones-comprendidas-en-la-subvencion-reacciona-2022-gestion-forestal-y-prevencion-de-incendios-forestales-modalidad-b-1-4\/\" \/>\n<meta property=\"og:site_name\" content=\"Albalat dels Tarongers\" \/>\n<meta property=\"article:publisher\" content=\"https:\/\/www.facebook.com\/aytoalbalatdelstarongers\/\" \/>\n<meta property=\"article:published_time\" content=\"2024-05-09T07:21:26+00:00\" \/>\n<meta property=\"article:modified_time\" content=\"2024-05-09T07:35:03+00:00\" \/>\n<meta property=\"og:image\" content=\"https:\/\/www.albalatdelstarongers.es\/wp-content\/uploads\/2024\/05\/diputacion.png\" \/>\n\t<meta property=\"og:image:width\" content=\"1756\" \/>\n\t<meta property=\"og:image:height\" content=\"407\" \/>\n\t<meta property=\"og:image:type\" content=\"image\/png\" \/>\n<meta name=\"author\" content=\"Sandra\" \/>\n<meta name=\"twitter:card\" content=\"summary_large_image\" \/>\n<meta name=\"twitter:label1\" content=\"Escrito por\" \/>\n\t<meta name=\"twitter:data1\" content=\"Sandra\" \/>\n\t<meta name=\"twitter:label2\" content=\"Tiempo de lectura\" \/>\n\t<meta name=\"twitter:data2\" content=\"1 minuto\" \/>\n<script type=\"application\/ld+json\" class=\"yoast-schema-graph\">{\"@context\":\"https:\/\/schema.org\",\"@graph\":[{\"@type\":\"Article\",\"@id\":\"https:\/\/www.albalatdelstarongers.es\/es\/inicio-de-las-actuaciones-comprendidas-en-la-subvencion-reacciona-2022-gestion-forestal-y-prevencion-de-incendios-forestales-modalidad-b-1-4\/#article\",\"isPartOf\":{\"@id\":\"https:\/\/www.albalatdelstarongers.es\/es\/inicio-de-las-actuaciones-comprendidas-en-la-subvencion-reacciona-2022-gestion-forestal-y-prevencion-de-incendios-forestales-modalidad-b-1-4\/\"},\"author\":{\"name\":\"Sandra\",\"@id\":\"https:\/\/www.albalatdelstarongers.es\/es\/#\/schema\/person\/aedf0a83549c19bdaea211e35eb23074\"},\"headline\":\"Inicio de las actuaciones comprendidas en la subvenci\u00f3n Reacciona 2022 &#8211; Gesti\u00f3n Forestal y Prevenci\u00f3n de Incendios Forestales. Modalidad B.1.4\",\"datePublished\":\"2024-05-09T07:21:26+00:00\",\"dateModified\":\"2024-05-09T07:35:03+00:00\",\"mainEntityOfPage\":{\"@id\":\"https:\/\/www.albalatdelstarongers.es\/es\/inicio-de-las-actuaciones-comprendidas-en-la-subvencion-reacciona-2022-gestion-forestal-y-prevencion-de-incendios-forestales-modalidad-b-1-4\/\"},\"wordCount\":205,\"commentCount\":0,\"publisher\":{\"@id\":\"https:\/\/www.albalatdelstarongers.es\/es\/#organization\"},\"image\":{\"@id\":\"https:\/\/www.albalatdelstarongers.es\/es\/inicio-de-las-actuaciones-comprendidas-en-la-subvencion-reacciona-2022-gestion-forestal-y-prevencion-de-incendios-forestales-modalidad-b-1-4\/#primaryimage\"},\"thumbnailUrl\":\"https:\/\/www.albalatdelstarongers.es\/wp-content\/uploads\/2024\/05\/diputacion.png\",\"articleSection\":[\"Noticias\"],\"inLanguage\":\"es\",\"potentialAction\":[{\"@type\":\"CommentAction\",\"name\":\"Comment\",\"target\":[\"https:\/\/www.albalatdelstarongers.es\/es\/inicio-de-las-actuaciones-comprendidas-en-la-subvencion-reacciona-2022-gestion-forestal-y-prevencion-de-incendios-forestales-modalidad-b-1-4\/#respond\"]}]},{\"@type\":\"WebPage\",\"@id\":\"https:\/\/www.albalatdelstarongers.es\/es\/inicio-de-las-actuaciones-comprendidas-en-la-subvencion-reacciona-2022-gestion-forestal-y-prevencion-de-incendios-forestales-modalidad-b-1-4\/\",\"url\":\"https:\/\/www.albalatdelstarongers.es\/es\/inicio-de-las-actuaciones-comprendidas-en-la-subvencion-reacciona-2022-gestion-forestal-y-prevencion-de-incendios-forestales-modalidad-b-1-4\/\",\"name\":\"Inicio de las actuaciones comprendidas en la subvenci\u00f3n Reacciona 2022 - Gesti\u00f3n Forestal y Prevenci\u00f3n de Incendios Forestales. Modalidad B.1.4 - Albalat dels Tarongers\",\"isPartOf\":{\"@id\":\"https:\/\/www.albalatdelstarongers.es\/es\/#website\"},\"primaryImageOfPage\":{\"@id\":\"https:\/\/www.albalatdelstarongers.es\/es\/inicio-de-las-actuaciones-comprendidas-en-la-subvencion-reacciona-2022-gestion-forestal-y-prevencion-de-incendios-forestales-modalidad-b-1-4\/#primaryimage\"},\"image\":{\"@id\":\"https:\/\/www.albalatdelstarongers.es\/es\/inicio-de-las-actuaciones-comprendidas-en-la-subvencion-reacciona-2022-gestion-forestal-y-prevencion-de-incendios-forestales-modalidad-b-1-4\/#primaryimage\"},\"thumbnailUrl\":\"https:\/\/www.albalatdelstarongers.es\/wp-content\/uploads\/2024\/05\/diputacion.png\",\"datePublished\":\"2024-05-09T07:21:26+00:00\",\"dateModified\":\"2024-05-09T07:35:03+00:00\",\"breadcrumb\":{\"@id\":\"https:\/\/www.albalatdelstarongers.es\/es\/inicio-de-las-actuaciones-comprendidas-en-la-subvencion-reacciona-2022-gestion-forestal-y-prevencion-de-incendios-forestales-modalidad-b-1-4\/#breadcrumb\"},\"inLanguage\":\"es\",\"potentialAction\":[{\"@type\":\"ReadAction\",\"target\":[\"https:\/\/www.albalatdelstarongers.es\/es\/inicio-de-las-actuaciones-comprendidas-en-la-subvencion-reacciona-2022-gestion-forestal-y-prevencion-de-incendios-forestales-modalidad-b-1-4\/\"]}]},{\"@type\":\"ImageObject\",\"inLanguage\":\"es\",\"@id\":\"https:\/\/www.albalatdelstarongers.es\/es\/inicio-de-las-actuaciones-comprendidas-en-la-subvencion-reacciona-2022-gestion-forestal-y-prevencion-de-incendios-forestales-modalidad-b-1-4\/#primaryimage\",\"url\":\"https:\/\/www.albalatdelstarongers.es\/wp-content\/uploads\/2024\/05\/diputacion.png\",\"contentUrl\":\"https:\/\/www.albalatdelstarongers.es\/wp-content\/uploads\/2024\/05\/diputacion.png\",\"width\":1756,\"height\":407},{\"@type\":\"BreadcrumbList\",\"@id\":\"https:\/\/www.albalatdelstarongers.es\/es\/inicio-de-las-actuaciones-comprendidas-en-la-subvencion-reacciona-2022-gestion-forestal-y-prevencion-de-incendios-forestales-modalidad-b-1-4\/#breadcrumb\",\"itemListElement\":[{\"@type\":\"ListItem\",\"position\":1,\"name\":\"Portada\",\"item\":\"https:\/\/www.albalatdelstarongers.es\/es\/\"},{\"@type\":\"ListItem\",\"position\":2,\"name\":\"Inicio de las actuaciones comprendidas en la subvenci\u00f3n Reacciona 2022 &#8211; Gesti\u00f3n Forestal y Prevenci\u00f3n de Incendios Forestales. Modalidad B.1.4\"}]},{\"@type\":\"WebSite\",\"@id\":\"https:\/\/www.albalatdelstarongers.es\/es\/#website\",\"url\":\"https:\/\/www.albalatdelstarongers.es\/es\/\",\"name\":\"Albalat dels Tarongers\",\"description\":\"\",\"publisher\":{\"@id\":\"https:\/\/www.albalatdelstarongers.es\/es\/#organization\"},\"potentialAction\":[{\"@type\":\"SearchAction\",\"target\":{\"@type\":\"EntryPoint\",\"urlTemplate\":\"https:\/\/www.albalatdelstarongers.es\/es\/?s={search_term_string}\"},\"query-input\":{\"@type\":\"PropertyValueSpecification\",\"valueRequired\":true,\"valueName\":\"search_term_string\"}}],\"inLanguage\":\"es\"},{\"@type\":\"Organization\",\"@id\":\"https:\/\/www.albalatdelstarongers.es\/es\/#organization\",\"name\":\"Ajuntament Albalat dels Tarongers\",\"url\":\"https:\/\/www.albalatdelstarongers.es\/es\/\",\"logo\":{\"@type\":\"ImageObject\",\"inLanguage\":\"es\",\"@id\":\"https:\/\/www.albalatdelstarongers.es\/es\/#\/schema\/logo\/image\/\",\"url\":\"https:\/\/www.albalatdelstarongers.es\/wp-content\/uploads\/2018\/11\/Albalat-dels-Tarongers.png\",\"contentUrl\":\"https:\/\/www.albalatdelstarongers.es\/wp-content\/uploads\/2018\/11\/Albalat-dels-Tarongers.png\",\"width\":469,\"height\":110,\"caption\":\"Ajuntament Albalat dels Tarongers\"},\"image\":{\"@id\":\"https:\/\/www.albalatdelstarongers.es\/es\/#\/schema\/logo\/image\/\"},\"sameAs\":[\"https:\/\/www.facebook.com\/aytoalbalatdelstarongers\/\",\"https:\/\/www.instagram.com\/albalat_dels_tarongers\/\"]},{\"@type\":\"Person\",\"@id\":\"https:\/\/www.albalatdelstarongers.es\/es\/#\/schema\/person\/aedf0a83549c19bdaea211e35eb23074\",\"name\":\"Sandra\",\"image\":{\"@type\":\"ImageObject\",\"inLanguage\":\"es\",\"@id\":\"https:\/\/www.albalatdelstarongers.es\/es\/#\/schema\/person\/image\/\",\"url\":\"https:\/\/secure.gravatar.com\/avatar\/70ff4e8615c85b19441f0c43cf614386562960fcfa397729a499419e72e1b6ff?s=96&d=mm&r=g\",\"contentUrl\":\"https:\/\/secure.gravatar.com\/avatar\/70ff4e8615c85b19441f0c43cf614386562960fcfa397729a499419e72e1b6ff?s=96&d=mm&r=g\",\"caption\":\"Sandra\"}}]}<\/script>\n<!-- \/ Yoast SEO plugin. -->","yoast_head_json":{"title":"Inicio de las actuaciones comprendidas en la subvenci\u00f3n Reacciona 2022 - Gesti\u00f3n Forestal y Prevenci\u00f3n de Incendios Forestales. Modalidad B.1.4 - Albalat dels Tarongers","robots":{"index":"index","follow":"follow","max-snippet":"max-snippet:-1","max-image-preview":"max-image-preview:large","max-video-preview":"max-video-preview:-1"},"canonical":"https:\/\/www.albalatdelstarongers.es\/es\/inicio-de-las-actuaciones-comprendidas-en-la-subvencion-reacciona-2022-gestion-forestal-y-prevencion-de-incendios-forestales-modalidad-b-1-4\/","og_locale":"es_ES","og_type":"article","og_title":"Inicio de las actuaciones comprendidas en la subvenci\u00f3n Reacciona 2022 - Gesti\u00f3n Forestal y Prevenci\u00f3n de Incendios Forestales. Modalidad B.1.4 - Albalat dels Tarongers","og_description":"Gesti\u00f3n Forestal 2022 &#8211; Modalidad B.1.4 \u201cMantenimiento de l\u00edneas defensa [...]","og_url":"https:\/\/www.albalatdelstarongers.es\/es\/inicio-de-las-actuaciones-comprendidas-en-la-subvencion-reacciona-2022-gestion-forestal-y-prevencion-de-incendios-forestales-modalidad-b-1-4\/","og_site_name":"Albalat dels Tarongers","article_publisher":"https:\/\/www.facebook.com\/aytoalbalatdelstarongers\/","article_published_time":"2024-05-09T07:21:26+00:00","article_modified_time":"2024-05-09T07:35:03+00:00","og_image":[{"width":1756,"height":407,"url":"https:\/\/www.albalatdelstarongers.es\/wp-content\/uploads\/2024\/05\/diputacion.png","type":"image\/png"}],"author":"Sandra","twitter_card":"summary_large_image","twitter_misc":{"Escrito por":"Sandra","Tiempo de lectura":"1 minuto"},"schema":{"@context":"https:\/\/schema.org","@graph":[{"@type":"Article","@id":"https:\/\/www.albalatdelstarongers.es\/es\/inicio-de-las-actuaciones-comprendidas-en-la-subvencion-reacciona-2022-gestion-forestal-y-prevencion-de-incendios-forestales-modalidad-b-1-4\/#article","isPartOf":{"@id":"https:\/\/www.albalatdelstarongers.es\/es\/inicio-de-las-actuaciones-comprendidas-en-la-subvencion-reacciona-2022-gestion-forestal-y-prevencion-de-incendios-forestales-modalidad-b-1-4\/"},"author":{"name":"Sandra","@id":"https:\/\/www.albalatdelstarongers.es\/es\/#\/schema\/person\/aedf0a83549c19bdaea211e35eb23074"},"headline":"Inicio de las actuaciones comprendidas en la subvenci\u00f3n Reacciona 2022 &#8211; Gesti\u00f3n Forestal y Prevenci\u00f3n de Incendios Forestales. Modalidad B.1.4","datePublished":"2024-05-09T07:21:26+00:00","dateModified":"2024-05-09T07:35:03+00:00","mainEntityOfPage":{"@id":"https:\/\/www.albalatdelstarongers.es\/es\/inicio-de-las-actuaciones-comprendidas-en-la-subvencion-reacciona-2022-gestion-forestal-y-prevencion-de-incendios-forestales-modalidad-b-1-4\/"},"wordCount":205,"commentCount":0,"publisher":{"@id":"https:\/\/www.albalatdelstarongers.es\/es\/#organization"},"image":{"@id":"https:\/\/www.albalatdelstarongers.es\/es\/inicio-de-las-actuaciones-comprendidas-en-la-subvencion-reacciona-2022-gestion-forestal-y-prevencion-de-incendios-forestales-modalidad-b-1-4\/#primaryimage"},"thumbnailUrl":"https:\/\/www.albalatdelstarongers.es\/wp-content\/uploads\/2024\/05\/diputacion.png","articleSection":["Noticias"],"inLanguage":"es","potentialAction":[{"@type":"CommentAction","name":"Comment","target":["https:\/\/www.albalatdelstarongers.es\/es\/inicio-de-las-actuaciones-comprendidas-en-la-subvencion-reacciona-2022-gestion-forestal-y-prevencion-de-incendios-forestales-modalidad-b-1-4\/#respond"]}]},{"@type":"WebPage","@id":"https:\/\/www.albalatdelstarongers.es\/es\/inicio-de-las-actuaciones-comprendidas-en-la-subvencion-reacciona-2022-gestion-forestal-y-prevencion-de-incendios-forestales-modalidad-b-1-4\/","url":"https:\/\/www.albalatdelstarongers.es\/es\/inicio-de-las-actuaciones-comprendidas-en-la-subvencion-reacciona-2022-gestion-forestal-y-prevencion-de-incendios-forestales-modalidad-b-1-4\/","name":"Inicio de las actuaciones comprendidas en la subvenci\u00f3n Reacciona 2022 - Gesti\u00f3n Forestal y Prevenci\u00f3n de Incendios Forestales. Modalidad B.1.4 - Albalat dels Tarongers","isPartOf":{"@id":"https:\/\/www.albalatdelstarongers.es\/es\/#website"},"primaryImageOfPage":{"@id":"https:\/\/www.albalatdelstarongers.es\/es\/inicio-de-las-actuaciones-comprendidas-en-la-subvencion-reacciona-2022-gestion-forestal-y-prevencion-de-incendios-forestales-modalidad-b-1-4\/#primaryimage"},"image":{"@id":"https:\/\/www.albalatdelstarongers.es\/es\/inicio-de-las-actuaciones-comprendidas-en-la-subvencion-reacciona-2022-gestion-forestal-y-prevencion-de-incendios-forestales-modalidad-b-1-4\/#primaryimage"},"thumbnailUrl":"https:\/\/www.albalatdelstarongers.es\/wp-content\/uploads\/2024\/05\/diputacion.png","datePublished":"2024-05-09T07:21:26+00:00","dateModified":"2024-05-09T07:35:03+00:00","breadcrumb":{"@id":"https:\/\/www.albalatdelstarongers.es\/es\/inicio-de-las-actuaciones-comprendidas-en-la-subvencion-reacciona-2022-gestion-forestal-y-prevencion-de-incendios-forestales-modalidad-b-1-4\/#breadcrumb"},"inLanguage":"es","potentialAction":[{"@type":"ReadAction","target":["https:\/\/www.albalatdelstarongers.es\/es\/inicio-de-las-actuaciones-comprendidas-en-la-subvencion-reacciona-2022-gestion-forestal-y-prevencion-de-incendios-forestales-modalidad-b-1-4\/"]}]},{"@type":"ImageObject","inLanguage":"es","@id":"https:\/\/www.albalatdelstarongers.es\/es\/inicio-de-las-actuaciones-comprendidas-en-la-subvencion-reacciona-2022-gestion-forestal-y-prevencion-de-incendios-forestales-modalidad-b-1-4\/#primaryimage","url":"https:\/\/www.albalatdelstarongers.es\/wp-content\/uploads\/2024\/05\/diputacion.png","contentUrl":"https:\/\/www.albalatdelstarongers.es\/wp-content\/uploads\/2024\/05\/diputacion.png","width":1756,"height":407},{"@type":"BreadcrumbList","@id":"https:\/\/www.albalatdelstarongers.es\/es\/inicio-de-las-actuaciones-comprendidas-en-la-subvencion-reacciona-2022-gestion-forestal-y-prevencion-de-incendios-forestales-modalidad-b-1-4\/#breadcrumb","itemListElement":[{"@type":"ListItem","position":1,"name":"Portada","item":"https:\/\/www.albalatdelstarongers.es\/es\/"},{"@type":"ListItem","position":2,"name":"Inicio de las actuaciones comprendidas en la subvenci\u00f3n Reacciona 2022 &#8211; Gesti\u00f3n Forestal y Prevenci\u00f3n de Incendios Forestales. Modalidad B.1.4"}]},{"@type":"WebSite","@id":"https:\/\/www.albalatdelstarongers.es\/es\/#website","url":"https:\/\/www.albalatdelstarongers.es\/es\/","name":"Albalat dels Tarongers","description":"","publisher":{"@id":"https:\/\/www.albalatdelstarongers.es\/es\/#organization"},"potentialAction":[{"@type":"SearchAction","target":{"@type":"EntryPoint","urlTemplate":"https:\/\/www.albalatdelstarongers.es\/es\/?s={search_term_string}"},"query-input":{"@type":"PropertyValueSpecification","valueRequired":true,"valueName":"search_term_string"}}],"inLanguage":"es"},{"@type":"Organization","@id":"https:\/\/www.albalatdelstarongers.es\/es\/#organization","name":"Ajuntament Albalat dels Tarongers","url":"https:\/\/www.albalatdelstarongers.es\/es\/","logo":{"@type":"ImageObject","inLanguage":"es","@id":"https:\/\/www.albalatdelstarongers.es\/es\/#\/schema\/logo\/image\/","url":"https:\/\/www.albalatdelstarongers.es\/wp-content\/uploads\/2018\/11\/Albalat-dels-Tarongers.png","contentUrl":"https:\/\/www.albalatdelstarongers.es\/wp-content\/uploads\/2018\/11\/Albalat-dels-Tarongers.png","width":469,"height":110,"caption":"Ajuntament Albalat dels Tarongers"},"image":{"@id":"https:\/\/www.albalatdelstarongers.es\/es\/#\/schema\/logo\/image\/"},"sameAs":["https:\/\/www.facebook.com\/aytoalbalatdelstarongers\/","https:\/\/www.instagram.com\/albalat_dels_tarongers\/"]},{"@type":"Person","@id":"https:\/\/www.albalatdelstarongers.es\/es\/#\/schema\/person\/aedf0a83549c19bdaea211e35eb23074","name":"Sandra","image":{"@type":"ImageObject","inLanguage":"es","@id":"https:\/\/www.albalatdelstarongers.es\/es\/#\/schema\/person\/image\/","url":"https:\/\/secure.gravatar.com\/avatar\/70ff4e8615c85b19441f0c43cf614386562960fcfa397729a499419e72e1b6ff?s=96&d=mm&r=g","contentUrl":"https:\/\/secure.gravatar.com\/avatar\/70ff4e8615c85b19441f0c43cf614386562960fcfa397729a499419e72e1b6ff?s=96&d=mm&r=g","caption":"Sandra"}}]}},"_links":{"self":[{"href":"https:\/\/www.albalatdelstarongers.es\/es\/wp-json\/wp\/v2\/posts\/8416","targetHints":{"allow":["GET"]}}],"collection":[{"href":"https:\/\/www.albalatdelstarongers.es\/es\/wp-json\/wp\/v2\/posts"}],"about":[{"href":"https:\/\/www.albalatdelstarongers.es\/es\/wp-json\/wp\/v2\/types\/post"}],"author":[{"embeddable":true,"href":"https:\/\/www.albalatdelstarongers.es\/es\/wp-json\/wp\/v2\/users\/2"}],"replies":[{"embeddable":true,"href":"https:\/\/www.albalatdelstarongers.es\/es\/wp-json\/wp\/v2\/comments?post=8416"}],"version-history":[{"count":2,"href":"https:\/\/www.albalatdelstarongers.es\/es\/wp-json\/wp\/v2\/posts\/8416\/revisions"}],"predecessor-version":[{"id":8649,"href":"https:\/\/www.albalatdelstarongers.es\/es\/wp-json\/wp\/v2\/posts\/8416\/revisions\/8649"}],"wp:featuredmedia":[{"embeddable":true,"href":"https:\/\/www.albalatdelstarongers.es\/es\/wp-json\/wp\/v2\/media\/8384"}],"wp:attachment":[{"href":"https:\/\/www.albalatdelstarongers.es\/es\/wp-json\/wp\/v2\/media?parent=8416"}],"wp:term":[{"taxonomy":"category","embeddable":true,"href":"https:\/\/www.albalatdelstarongers.es\/es\/wp-json\/wp\/v2\/categories?post=8416"},{"taxonomy":"post_tag","embeddable":true,"href":"https:\/\/www.albalatdelstarongers.es\/es\/wp-json\/wp\/v2\/tags?post=8416"}],"curies":[{"name":"wp","href":"https:\/\/api.w.org\/{rel}","templated":true}]}}