{"id":8694,"date":"2024-06-20T14:23:54","date_gmt":"2024-06-20T12:23:54","guid":{"rendered":"https:\/\/www.albalatdelstarongers.es\/?p=8694"},"modified":"2024-06-20T14:24:07","modified_gmt":"2024-06-20T12:24:07","slug":"apertura-de-la-piscina-municipal-el-dia-22-de-junio-consulta-las-novedades","status":"publish","type":"post","link":"https:\/\/www.albalatdelstarongers.es\/es\/apertura-de-la-piscina-municipal-el-dia-22-de-junio-consulta-las-novedades\/","title":{"rendered":"APERTURA DE LA PISCINA MUNICIPAL EL DIA 22 DE JUNIO. CONSULTA LAS NOVEDADES"},"content":{"rendered":"<p>Consulta las nuevas <a href=\"https:\/\/www.albalatdelstarongers.es\/wp-content\/uploads\/2024\/06\/20240620130751-1.pdf\">tarifas.<\/a><\/p>\n<p>Informaci\u00f3n importante: <strong>s\u00f3lo se admitir\u00e1 el pago con tarjeta.<\/strong><\/p>\n","protected":false},"excerpt":{"rendered":"<p>Consulta las nuevas tarifas. Informaci\u00f3n importante: s\u00f3lo se admitir\u00e1 el  [&#8230;]<\/p>\n","protected":false},"author":2,"featured_media":8695,"comment_status":"open","ping_status":"open","sticky":false,"template":"","format":"standard","meta":{"_bbp_topic_count":0,"_bbp_reply_count":0,"_bbp_total_topic_count":0,"_bbp_total_reply_count":0,"_bbp_voice_count":0,"_bbp_anonymous_reply_count":0,"_bbp_topic_count_hidden":0,"_bbp_reply_count_hidden":0,"_bbp_forum_subforum_count":0,"footnotes":""},"categories":[55],"tags":[],"class_list":["post-8694","post","type-post","status-publish","format-standard","has-post-thumbnail","hentry","category-noticias-es"],"yoast_head":"<!-- This site is optimized with the Yoast SEO plugin v26.6 - https:\/\/yoast.com\/wordpress\/plugins\/seo\/ -->\n<title>APERTURA DE LA PISCINA MUNICIPAL EL DIA 22 DE JUNIO. CONSULTA LAS NOVEDADES - Albalat dels Tarongers<\/title>\n<meta name=\"robots\" content=\"index, follow, max-snippet:-1, max-image-preview:large, max-video-preview:-1\" \/>\n<link rel=\"canonical\" href=\"https:\/\/www.albalatdelstarongers.es\/es\/apertura-de-la-piscina-municipal-el-dia-22-de-junio-consulta-las-novedades\/\" \/>\n<meta property=\"og:locale\" content=\"es_ES\" \/>\n<meta property=\"og:type\" content=\"article\" \/>\n<meta property=\"og:title\" content=\"APERTURA DE LA PISCINA MUNICIPAL EL DIA 22 DE JUNIO. CONSULTA LAS NOVEDADES - Albalat dels Tarongers\" \/>\n<meta property=\"og:description\" content=\"Consulta las nuevas tarifas. Informaci\u00f3n importante: s\u00f3lo se admitir\u00e1 el [...]\" \/>\n<meta property=\"og:url\" content=\"https:\/\/www.albalatdelstarongers.es\/es\/apertura-de-la-piscina-municipal-el-dia-22-de-junio-consulta-las-novedades\/\" \/>\n<meta property=\"og:site_name\" content=\"Albalat dels Tarongers\" \/>\n<meta property=\"article:publisher\" content=\"https:\/\/www.facebook.com\/aytoalbalatdelstarongers\/\" \/>\n<meta property=\"article:published_time\" content=\"2024-06-20T12:23:54+00:00\" \/>\n<meta property=\"article:modified_time\" content=\"2024-06-20T12:24:07+00:00\" \/>\n<meta name=\"author\" content=\"Sandra\" \/>\n<meta name=\"twitter:card\" content=\"summary_large_image\" \/>\n<meta name=\"twitter:label1\" content=\"Escrito por\" \/>\n\t<meta name=\"twitter:data1\" content=\"Sandra\" \/>\n\t<meta name=\"twitter:label2\" content=\"Tiempo de lectura\" \/>\n\t<meta name=\"twitter:data2\" content=\"1 minuto\" \/>\n<script type=\"application\/ld+json\" class=\"yoast-schema-graph\">{\"@context\":\"https:\/\/schema.org\",\"@graph\":[{\"@type\":\"Article\",\"@id\":\"https:\/\/www.albalatdelstarongers.es\/es\/apertura-de-la-piscina-municipal-el-dia-22-de-junio-consulta-las-novedades\/#article\",\"isPartOf\":{\"@id\":\"https:\/\/www.albalatdelstarongers.es\/es\/apertura-de-la-piscina-municipal-el-dia-22-de-junio-consulta-las-novedades\/\"},\"author\":{\"name\":\"Sandra\",\"@id\":\"https:\/\/www.albalatdelstarongers.es\/es\/#\/schema\/person\/aedf0a83549c19bdaea211e35eb23074\"},\"headline\":\"APERTURA DE LA PISCINA MUNICIPAL EL DIA 22 DE JUNIO. CONSULTA LAS NOVEDADES\",\"datePublished\":\"2024-06-20T12:23:54+00:00\",\"dateModified\":\"2024-06-20T12:24:07+00:00\",\"mainEntityOfPage\":{\"@id\":\"https:\/\/www.albalatdelstarongers.es\/es\/apertura-de-la-piscina-municipal-el-dia-22-de-junio-consulta-las-novedades\/\"},\"wordCount\":27,\"commentCount\":0,\"publisher\":{\"@id\":\"https:\/\/www.albalatdelstarongers.es\/es\/#organization\"},\"image\":{\"@id\":\"https:\/\/www.albalatdelstarongers.es\/es\/apertura-de-la-piscina-municipal-el-dia-22-de-junio-consulta-las-novedades\/#primaryimage\"},\"thumbnailUrl\":\"https:\/\/www.albalatdelstarongers.es\/wp-content\/uploads\/2024\/06\/20240620130751-2-pdf.jpg\",\"articleSection\":[\"Noticias\"],\"inLanguage\":\"es\",\"potentialAction\":[{\"@type\":\"CommentAction\",\"name\":\"Comment\",\"target\":[\"https:\/\/www.albalatdelstarongers.es\/es\/apertura-de-la-piscina-municipal-el-dia-22-de-junio-consulta-las-novedades\/#respond\"]}]},{\"@type\":\"WebPage\",\"@id\":\"https:\/\/www.albalatdelstarongers.es\/es\/apertura-de-la-piscina-municipal-el-dia-22-de-junio-consulta-las-novedades\/\",\"url\":\"https:\/\/www.albalatdelstarongers.es\/es\/apertura-de-la-piscina-municipal-el-dia-22-de-junio-consulta-las-novedades\/\",\"name\":\"APERTURA DE LA PISCINA MUNICIPAL EL DIA 22 DE JUNIO. CONSULTA LAS NOVEDADES - Albalat dels Tarongers\",\"isPartOf\":{\"@id\":\"https:\/\/www.albalatdelstarongers.es\/es\/#website\"},\"primaryImageOfPage\":{\"@id\":\"https:\/\/www.albalatdelstarongers.es\/es\/apertura-de-la-piscina-municipal-el-dia-22-de-junio-consulta-las-novedades\/#primaryimage\"},\"image\":{\"@id\":\"https:\/\/www.albalatdelstarongers.es\/es\/apertura-de-la-piscina-municipal-el-dia-22-de-junio-consulta-las-novedades\/#primaryimage\"},\"thumbnailUrl\":\"https:\/\/www.albalatdelstarongers.es\/wp-content\/uploads\/2024\/06\/20240620130751-2-pdf.jpg\",\"datePublished\":\"2024-06-20T12:23:54+00:00\",\"dateModified\":\"2024-06-20T12:24:07+00:00\",\"breadcrumb\":{\"@id\":\"https:\/\/www.albalatdelstarongers.es\/es\/apertura-de-la-piscina-municipal-el-dia-22-de-junio-consulta-las-novedades\/#breadcrumb\"},\"inLanguage\":\"es\",\"potentialAction\":[{\"@type\":\"ReadAction\",\"target\":[\"https:\/\/www.albalatdelstarongers.es\/es\/apertura-de-la-piscina-municipal-el-dia-22-de-junio-consulta-las-novedades\/\"]}]},{\"@type\":\"ImageObject\",\"inLanguage\":\"es\",\"@id\":\"https:\/\/www.albalatdelstarongers.es\/es\/apertura-de-la-piscina-municipal-el-dia-22-de-junio-consulta-las-novedades\/#primaryimage\",\"url\":\"https:\/\/www.albalatdelstarongers.es\/wp-content\/uploads\/2024\/06\/20240620130751-2-pdf.jpg\",\"contentUrl\":\"https:\/\/www.albalatdelstarongers.es\/wp-content\/uploads\/2024\/06\/20240620130751-2-pdf.jpg\"},{\"@type\":\"BreadcrumbList\",\"@id\":\"https:\/\/www.albalatdelstarongers.es\/es\/apertura-de-la-piscina-municipal-el-dia-22-de-junio-consulta-las-novedades\/#breadcrumb\",\"itemListElement\":[{\"@type\":\"ListItem\",\"position\":1,\"name\":\"Portada\",\"item\":\"https:\/\/www.albalatdelstarongers.es\/es\/\"},{\"@type\":\"ListItem\",\"position\":2,\"name\":\"APERTURA DE LA PISCINA MUNICIPAL EL DIA 22 DE JUNIO. CONSULTA LAS NOVEDADES\"}]},{\"@type\":\"WebSite\",\"@id\":\"https:\/\/www.albalatdelstarongers.es\/es\/#website\",\"url\":\"https:\/\/www.albalatdelstarongers.es\/es\/\",\"name\":\"Albalat dels Tarongers\",\"description\":\"\",\"publisher\":{\"@id\":\"https:\/\/www.albalatdelstarongers.es\/es\/#organization\"},\"potentialAction\":[{\"@type\":\"SearchAction\",\"target\":{\"@type\":\"EntryPoint\",\"urlTemplate\":\"https:\/\/www.albalatdelstarongers.es\/es\/?s={search_term_string}\"},\"query-input\":{\"@type\":\"PropertyValueSpecification\",\"valueRequired\":true,\"valueName\":\"search_term_string\"}}],\"inLanguage\":\"es\"},{\"@type\":\"Organization\",\"@id\":\"https:\/\/www.albalatdelstarongers.es\/es\/#organization\",\"name\":\"Ajuntament Albalat dels Tarongers\",\"url\":\"https:\/\/www.albalatdelstarongers.es\/es\/\",\"logo\":{\"@type\":\"ImageObject\",\"inLanguage\":\"es\",\"@id\":\"https:\/\/www.albalatdelstarongers.es\/es\/#\/schema\/logo\/image\/\",\"url\":\"https:\/\/www.albalatdelstarongers.es\/wp-content\/uploads\/2018\/11\/Albalat-dels-Tarongers.png\",\"contentUrl\":\"https:\/\/www.albalatdelstarongers.es\/wp-content\/uploads\/2018\/11\/Albalat-dels-Tarongers.png\",\"width\":469,\"height\":110,\"caption\":\"Ajuntament Albalat dels Tarongers\"},\"image\":{\"@id\":\"https:\/\/www.albalatdelstarongers.es\/es\/#\/schema\/logo\/image\/\"},\"sameAs\":[\"https:\/\/www.facebook.com\/aytoalbalatdelstarongers\/\",\"https:\/\/www.instagram.com\/albalat_dels_tarongers\/\"]},{\"@type\":\"Person\",\"@id\":\"https:\/\/www.albalatdelstarongers.es\/es\/#\/schema\/person\/aedf0a83549c19bdaea211e35eb23074\",\"name\":\"Sandra\",\"image\":{\"@type\":\"ImageObject\",\"inLanguage\":\"es\",\"@id\":\"https:\/\/www.albalatdelstarongers.es\/es\/#\/schema\/person\/image\/\",\"url\":\"https:\/\/secure.gravatar.com\/avatar\/70ff4e8615c85b19441f0c43cf614386562960fcfa397729a499419e72e1b6ff?s=96&d=mm&r=g\",\"contentUrl\":\"https:\/\/secure.gravatar.com\/avatar\/70ff4e8615c85b19441f0c43cf614386562960fcfa397729a499419e72e1b6ff?s=96&d=mm&r=g\",\"caption\":\"Sandra\"}}]}<\/script>\n<!-- \/ Yoast SEO plugin. -->","yoast_head_json":{"title":"APERTURA DE LA PISCINA MUNICIPAL EL DIA 22 DE JUNIO. CONSULTA LAS NOVEDADES - Albalat dels Tarongers","robots":{"index":"index","follow":"follow","max-snippet":"max-snippet:-1","max-image-preview":"max-image-preview:large","max-video-preview":"max-video-preview:-1"},"canonical":"https:\/\/www.albalatdelstarongers.es\/es\/apertura-de-la-piscina-municipal-el-dia-22-de-junio-consulta-las-novedades\/","og_locale":"es_ES","og_type":"article","og_title":"APERTURA DE LA PISCINA MUNICIPAL EL DIA 22 DE JUNIO. CONSULTA LAS NOVEDADES - Albalat dels Tarongers","og_description":"Consulta las nuevas tarifas. Informaci\u00f3n importante: s\u00f3lo se admitir\u00e1 el [...]","og_url":"https:\/\/www.albalatdelstarongers.es\/es\/apertura-de-la-piscina-municipal-el-dia-22-de-junio-consulta-las-novedades\/","og_site_name":"Albalat dels Tarongers","article_publisher":"https:\/\/www.facebook.com\/aytoalbalatdelstarongers\/","article_published_time":"2024-06-20T12:23:54+00:00","article_modified_time":"2024-06-20T12:24:07+00:00","author":"Sandra","twitter_card":"summary_large_image","twitter_misc":{"Escrito por":"Sandra","Tiempo de lectura":"1 minuto"},"schema":{"@context":"https:\/\/schema.org","@graph":[{"@type":"Article","@id":"https:\/\/www.albalatdelstarongers.es\/es\/apertura-de-la-piscina-municipal-el-dia-22-de-junio-consulta-las-novedades\/#article","isPartOf":{"@id":"https:\/\/www.albalatdelstarongers.es\/es\/apertura-de-la-piscina-municipal-el-dia-22-de-junio-consulta-las-novedades\/"},"author":{"name":"Sandra","@id":"https:\/\/www.albalatdelstarongers.es\/es\/#\/schema\/person\/aedf0a83549c19bdaea211e35eb23074"},"headline":"APERTURA DE LA PISCINA MUNICIPAL EL DIA 22 DE JUNIO. CONSULTA LAS NOVEDADES","datePublished":"2024-06-20T12:23:54+00:00","dateModified":"2024-06-20T12:24:07+00:00","mainEntityOfPage":{"@id":"https:\/\/www.albalatdelstarongers.es\/es\/apertura-de-la-piscina-municipal-el-dia-22-de-junio-consulta-las-novedades\/"},"wordCount":27,"commentCount":0,"publisher":{"@id":"https:\/\/www.albalatdelstarongers.es\/es\/#organization"},"image":{"@id":"https:\/\/www.albalatdelstarongers.es\/es\/apertura-de-la-piscina-municipal-el-dia-22-de-junio-consulta-las-novedades\/#primaryimage"},"thumbnailUrl":"https:\/\/www.albalatdelstarongers.es\/wp-content\/uploads\/2024\/06\/20240620130751-2-pdf.jpg","articleSection":["Noticias"],"inLanguage":"es","potentialAction":[{"@type":"CommentAction","name":"Comment","target":["https:\/\/www.albalatdelstarongers.es\/es\/apertura-de-la-piscina-municipal-el-dia-22-de-junio-consulta-las-novedades\/#respond"]}]},{"@type":"WebPage","@id":"https:\/\/www.albalatdelstarongers.es\/es\/apertura-de-la-piscina-municipal-el-dia-22-de-junio-consulta-las-novedades\/","url":"https:\/\/www.albalatdelstarongers.es\/es\/apertura-de-la-piscina-municipal-el-dia-22-de-junio-consulta-las-novedades\/","name":"APERTURA DE LA PISCINA MUNICIPAL EL DIA 22 DE JUNIO. CONSULTA LAS NOVEDADES - Albalat dels Tarongers","isPartOf":{"@id":"https:\/\/www.albalatdelstarongers.es\/es\/#website"},"primaryImageOfPage":{"@id":"https:\/\/www.albalatdelstarongers.es\/es\/apertura-de-la-piscina-municipal-el-dia-22-de-junio-consulta-las-novedades\/#primaryimage"},"image":{"@id":"https:\/\/www.albalatdelstarongers.es\/es\/apertura-de-la-piscina-municipal-el-dia-22-de-junio-consulta-las-novedades\/#primaryimage"},"thumbnailUrl":"https:\/\/www.albalatdelstarongers.es\/wp-content\/uploads\/2024\/06\/20240620130751-2-pdf.jpg","datePublished":"2024-06-20T12:23:54+00:00","dateModified":"2024-06-20T12:24:07+00:00","breadcrumb":{"@id":"https:\/\/www.albalatdelstarongers.es\/es\/apertura-de-la-piscina-municipal-el-dia-22-de-junio-consulta-las-novedades\/#breadcrumb"},"inLanguage":"es","potentialAction":[{"@type":"ReadAction","target":["https:\/\/www.albalatdelstarongers.es\/es\/apertura-de-la-piscina-municipal-el-dia-22-de-junio-consulta-las-novedades\/"]}]},{"@type":"ImageObject","inLanguage":"es","@id":"https:\/\/www.albalatdelstarongers.es\/es\/apertura-de-la-piscina-municipal-el-dia-22-de-junio-consulta-las-novedades\/#primaryimage","url":"https:\/\/www.albalatdelstarongers.es\/wp-content\/uploads\/2024\/06\/20240620130751-2-pdf.jpg","contentUrl":"https:\/\/www.albalatdelstarongers.es\/wp-content\/uploads\/2024\/06\/20240620130751-2-pdf.jpg"},{"@type":"BreadcrumbList","@id":"https:\/\/www.albalatdelstarongers.es\/es\/apertura-de-la-piscina-municipal-el-dia-22-de-junio-consulta-las-novedades\/#breadcrumb","itemListElement":[{"@type":"ListItem","position":1,"name":"Portada","item":"https:\/\/www.albalatdelstarongers.es\/es\/"},{"@type":"ListItem","position":2,"name":"APERTURA DE LA PISCINA MUNICIPAL EL DIA 22 DE JUNIO. CONSULTA LAS NOVEDADES"}]},{"@type":"WebSite","@id":"https:\/\/www.albalatdelstarongers.es\/es\/#website","url":"https:\/\/www.albalatdelstarongers.es\/es\/","name":"Albalat dels Tarongers","description":"","publisher":{"@id":"https:\/\/www.albalatdelstarongers.es\/es\/#organization"},"potentialAction":[{"@type":"SearchAction","target":{"@type":"EntryPoint","urlTemplate":"https:\/\/www.albalatdelstarongers.es\/es\/?s={search_term_string}"},"query-input":{"@type":"PropertyValueSpecification","valueRequired":true,"valueName":"search_term_string"}}],"inLanguage":"es"},{"@type":"Organization","@id":"https:\/\/www.albalatdelstarongers.es\/es\/#organization","name":"Ajuntament Albalat dels Tarongers","url":"https:\/\/www.albalatdelstarongers.es\/es\/","logo":{"@type":"ImageObject","inLanguage":"es","@id":"https:\/\/www.albalatdelstarongers.es\/es\/#\/schema\/logo\/image\/","url":"https:\/\/www.albalatdelstarongers.es\/wp-content\/uploads\/2018\/11\/Albalat-dels-Tarongers.png","contentUrl":"https:\/\/www.albalatdelstarongers.es\/wp-content\/uploads\/2018\/11\/Albalat-dels-Tarongers.png","width":469,"height":110,"caption":"Ajuntament Albalat dels Tarongers"},"image":{"@id":"https:\/\/www.albalatdelstarongers.es\/es\/#\/schema\/logo\/image\/"},"sameAs":["https:\/\/www.facebook.com\/aytoalbalatdelstarongers\/","https:\/\/www.instagram.com\/albalat_dels_tarongers\/"]},{"@type":"Person","@id":"https:\/\/www.albalatdelstarongers.es\/es\/#\/schema\/person\/aedf0a83549c19bdaea211e35eb23074","name":"Sandra","image":{"@type":"ImageObject","inLanguage":"es","@id":"https:\/\/www.albalatdelstarongers.es\/es\/#\/schema\/person\/image\/","url":"https:\/\/secure.gravatar.com\/avatar\/70ff4e8615c85b19441f0c43cf614386562960fcfa397729a499419e72e1b6ff?s=96&d=mm&r=g","contentUrl":"https:\/\/secure.gravatar.com\/avatar\/70ff4e8615c85b19441f0c43cf614386562960fcfa397729a499419e72e1b6ff?s=96&d=mm&r=g","caption":"Sandra"}}]}},"_links":{"self":[{"href":"https:\/\/www.albalatdelstarongers.es\/es\/wp-json\/wp\/v2\/posts\/8694","targetHints":{"allow":["GET"]}}],"collection":[{"href":"https:\/\/www.albalatdelstarongers.es\/es\/wp-json\/wp\/v2\/posts"}],"about":[{"href":"https:\/\/www.albalatdelstarongers.es\/es\/wp-json\/wp\/v2\/types\/post"}],"author":[{"embeddable":true,"href":"https:\/\/www.albalatdelstarongers.es\/es\/wp-json\/wp\/v2\/users\/2"}],"replies":[{"embeddable":true,"href":"https:\/\/www.albalatdelstarongers.es\/es\/wp-json\/wp\/v2\/comments?post=8694"}],"version-history":[{"count":1,"href":"https:\/\/www.albalatdelstarongers.es\/es\/wp-json\/wp\/v2\/posts\/8694\/revisions"}],"predecessor-version":[{"id":8697,"href":"https:\/\/www.albalatdelstarongers.es\/es\/wp-json\/wp\/v2\/posts\/8694\/revisions\/8697"}],"wp:featuredmedia":[{"embeddable":true,"href":"https:\/\/www.albalatdelstarongers.es\/es\/wp-json\/wp\/v2\/media\/8695"}],"wp:attachment":[{"href":"https:\/\/www.albalatdelstarongers.es\/es\/wp-json\/wp\/v2\/media?parent=8694"}],"wp:term":[{"taxonomy":"category","embeddable":true,"href":"https:\/\/www.albalatdelstarongers.es\/es\/wp-json\/wp\/v2\/categories?post=8694"},{"taxonomy":"post_tag","embeddable":true,"href":"https:\/\/www.albalatdelstarongers.es\/es\/wp-json\/wp\/v2\/tags?post=8694"}],"curies":[{"name":"wp","href":"https:\/\/api.w.org\/{rel}","templated":true}]}}