{"id":8724,"date":"2024-07-04T13:36:07","date_gmt":"2024-07-04T11:36:07","guid":{"rendered":"https:\/\/www.albalatdelstarongers.es\/?p=8724"},"modified":"2024-07-04T13:51:15","modified_gmt":"2024-07-04T11:51:15","slug":"inici-de-les-actuacions-compreses-en-la-subvencio-reacciona-2022-gestio-forestal-i-prevencio-dincendis-forestals","status":"publish","type":"post","link":"https:\/\/www.albalatdelstarongers.es\/es\/inici-de-les-actuacions-compreses-en-la-subvencio-reacciona-2022-gestio-forestal-i-prevencio-dincendis-forestals\/","title":{"rendered":"Inicio de las actuaciones comprendidas en la subvenci\u00f3n Reacciona 2022 \u2013 Gesti\u00f3n Forestal y Prevenci\u00f3n de Incendios Forestales"},"content":{"rendered":"<h2 class=\"entry-title fusion-post-title fusion-responsive-typography-calculated\" data-fontsize=\"18\" data-lineheight=\"27px\"><strong style=\"font-size: 16px;\">GESTION FORESTAL 2022 \u2013 Modalidad A.2.5<\/strong><\/h2>\n<div class=\"post-content\">\n<p>2 de mayo de 2024<\/p>\n<p><b>Albalat dels Tarongers, beneficiaria de una subvenci\u00f3n de la Diputaci\u00f3n de Val\u00e8ncia para la gesti\u00f3n forestal sostenible y la prevenci\u00f3n de incendios forestales REACCIONA 2022 <\/b>invierte en el \u00e1rea recreativa de \u00abPla de Pav\u00eda\u00bb, con la colocaci\u00f3n de 3 contenedores met\u00e1licos con apertura trasera sobre solera de hormig\u00f3n y adquisici\u00f3n de 4 mesas de picnic.<\/p>\n<p>Detalle de los trabajos para la ubicaci\u00f3n y mesas picnic<\/p>\n<div style=\"width: 848px;\" class=\"wp-video\"><video class=\"wp-video-shortcode\" id=\"video-8724-1\" width=\"848\" height=\"478\" preload=\"metadata\" controls=\"controls\"><source type=\"video\/mp4\" src=\"https:\/\/www.albalatdelstarongers.es\/wp-content\/uploads\/2024\/07\/Colocacion-contenedores.mp4?_=1\" \/><a href=\"https:\/\/www.albalatdelstarongers.es\/wp-content\/uploads\/2024\/07\/Colocacion-contenedores.mp4\">https:\/\/www.albalatdelstarongers.es\/wp-content\/uploads\/2024\/07\/Colocacion-contenedores.mp4<\/a><\/video><\/div>\n<p><img decoding=\"async\" class=\"wp-image-8711 alignleft\" src=\"https:\/\/www.albalatdelstarongers.es\/wp-content\/uploads\/2024\/07\/Antes-actuacion-300x169.jpg\" alt=\"\" width=\"308\" height=\"174\" srcset=\"https:\/\/www.albalatdelstarongers.es\/wp-content\/uploads\/2024\/07\/Antes-actuacion-200x113.jpg 200w, https:\/\/www.albalatdelstarongers.es\/wp-content\/uploads\/2024\/07\/Antes-actuacion-300x169.jpg 300w, https:\/\/www.albalatdelstarongers.es\/wp-content\/uploads\/2024\/07\/Antes-actuacion-400x225.jpg 400w, https:\/\/www.albalatdelstarongers.es\/wp-content\/uploads\/2024\/07\/Antes-actuacion-500x282.jpg 500w, https:\/\/www.albalatdelstarongers.es\/wp-content\/uploads\/2024\/07\/Antes-actuacion-600x338.jpg 600w, https:\/\/www.albalatdelstarongers.es\/wp-content\/uploads\/2024\/07\/Antes-actuacion-768x432.jpg 768w, https:\/\/www.albalatdelstarongers.es\/wp-content\/uploads\/2024\/07\/Antes-actuacion-800x451.jpg 800w, https:\/\/www.albalatdelstarongers.es\/wp-content\/uploads\/2024\/07\/Antes-actuacion-1024x577.jpg 1024w, https:\/\/www.albalatdelstarongers.es\/wp-content\/uploads\/2024\/07\/Antes-actuacion-1200x676.jpg 1200w, https:\/\/www.albalatdelstarongers.es\/wp-content\/uploads\/2024\/07\/Antes-actuacion-1536x865.jpg 1536w\" sizes=\"(max-width: 308px) 100vw, 308px\" \/><img decoding=\"async\" class=\"alignnone wp-image-8707\" src=\"https:\/\/www.albalatdelstarongers.es\/wp-content\/uploads\/2024\/07\/Colocacion-contenedores1-300x169.jpg\" alt=\"\" width=\"321\" height=\"181\" srcset=\"https:\/\/www.albalatdelstarongers.es\/wp-content\/uploads\/2024\/07\/Colocacion-contenedores1-200x113.jpg 200w, https:\/\/www.albalatdelstarongers.es\/wp-content\/uploads\/2024\/07\/Colocacion-contenedores1-300x169.jpg 300w, https:\/\/www.albalatdelstarongers.es\/wp-content\/uploads\/2024\/07\/Colocacion-contenedores1-400x225.jpg 400w, https:\/\/www.albalatdelstarongers.es\/wp-content\/uploads\/2024\/07\/Colocacion-contenedores1-500x282.jpg 500w, https:\/\/www.albalatdelstarongers.es\/wp-content\/uploads\/2024\/07\/Colocacion-contenedores1-600x338.jpg 600w, https:\/\/www.albalatdelstarongers.es\/wp-content\/uploads\/2024\/07\/Colocacion-contenedores1-768x432.jpg 768w, https:\/\/www.albalatdelstarongers.es\/wp-content\/uploads\/2024\/07\/Colocacion-contenedores1-800x451.jpg 800w, https:\/\/www.albalatdelstarongers.es\/wp-content\/uploads\/2024\/07\/Colocacion-contenedores1-1024x577.jpg 1024w, https:\/\/www.albalatdelstarongers.es\/wp-content\/uploads\/2024\/07\/Colocacion-contenedores1-1200x676.jpg 1200w, https:\/\/www.albalatdelstarongers.es\/wp-content\/uploads\/2024\/07\/Colocacion-contenedores1-1536x865.jpg 1536w, https:\/\/www.albalatdelstarongers.es\/wp-content\/uploads\/2024\/07\/Colocacion-contenedores1.jpg 1600w\" sizes=\"(max-width: 321px) 100vw, 321px\" \/><\/p>\n<div style=\"width: 1200px;\" class=\"wp-video\"><video class=\"wp-video-shortcode\" id=\"video-8724-2\" width=\"1200\" height=\"675\" preload=\"metadata\" controls=\"controls\"><source type=\"video\/mp4\" src=\"https:\/\/www.albalatdelstarongers.es\/wp-content\/uploads\/2024\/07\/Video-a.a.mp4?_=2\" \/><a href=\"https:\/\/www.albalatdelstarongers.es\/wp-content\/uploads\/2024\/07\/Video-a.a.mp4\">https:\/\/www.albalatdelstarongers.es\/wp-content\/uploads\/2024\/07\/Video-a.a.mp4<\/a><\/video><\/div>\n<p>&nbsp;<\/p>\n<p><strong>Finalizaci\u00f3n de las actuaciones MODALIDAD A.2.5<\/strong><\/p>\n<p><img decoding=\"async\" class=\"alignnone wp-image-8710\" src=\"https:\/\/www.albalatdelstarongers.es\/wp-content\/uploads\/2024\/07\/Contenedores-300x144.jpg\" alt=\"\" width=\"342\" height=\"164\" srcset=\"https:\/\/www.albalatdelstarongers.es\/wp-content\/uploads\/2024\/07\/Contenedores-200x96.jpg 200w, https:\/\/www.albalatdelstarongers.es\/wp-content\/uploads\/2024\/07\/Contenedores-300x144.jpg 300w, https:\/\/www.albalatdelstarongers.es\/wp-content\/uploads\/2024\/07\/Contenedores-400x192.jpg 400w, https:\/\/www.albalatdelstarongers.es\/wp-content\/uploads\/2024\/07\/Contenedores-500x240.jpg 500w, https:\/\/www.albalatdelstarongers.es\/wp-content\/uploads\/2024\/07\/Contenedores-600x288.jpg 600w, https:\/\/www.albalatdelstarongers.es\/wp-content\/uploads\/2024\/07\/Contenedores-768x369.jpg 768w, https:\/\/www.albalatdelstarongers.es\/wp-content\/uploads\/2024\/07\/Contenedores-800x385.jpg 800w, https:\/\/www.albalatdelstarongers.es\/wp-content\/uploads\/2024\/07\/Contenedores-1024x492.jpg 1024w, https:\/\/www.albalatdelstarongers.es\/wp-content\/uploads\/2024\/07\/Contenedores-1200x577.jpg 1200w, https:\/\/www.albalatdelstarongers.es\/wp-content\/uploads\/2024\/07\/Contenedores-1536x738.jpg 1536w, https:\/\/www.albalatdelstarongers.es\/wp-content\/uploads\/2024\/07\/Contenedores.jpg 1600w\" sizes=\"(max-width: 342px) 100vw, 342px\" \/> <img decoding=\"async\" class=\"alignnone wp-image-8718\" src=\"https:\/\/www.albalatdelstarongers.es\/wp-content\/uploads\/2024\/07\/Antes-actuacion1-1-300x169.jpg\" alt=\"\" width=\"289\" height=\"163\" srcset=\"https:\/\/www.albalatdelstarongers.es\/wp-content\/uploads\/2024\/07\/Antes-actuacion1-1-200x113.jpg 200w, https:\/\/www.albalatdelstarongers.es\/wp-content\/uploads\/2024\/07\/Antes-actuacion1-1-300x169.jpg 300w, https:\/\/www.albalatdelstarongers.es\/wp-content\/uploads\/2024\/07\/Antes-actuacion1-1-400x225.jpg 400w, https:\/\/www.albalatdelstarongers.es\/wp-content\/uploads\/2024\/07\/Antes-actuacion1-1-500x282.jpg 500w, https:\/\/www.albalatdelstarongers.es\/wp-content\/uploads\/2024\/07\/Antes-actuacion1-1-600x338.jpg 600w, https:\/\/www.albalatdelstarongers.es\/wp-content\/uploads\/2024\/07\/Antes-actuacion1-1-768x432.jpg 768w, https:\/\/www.albalatdelstarongers.es\/wp-content\/uploads\/2024\/07\/Antes-actuacion1-1-800x451.jpg 800w, https:\/\/www.albalatdelstarongers.es\/wp-content\/uploads\/2024\/07\/Antes-actuacion1-1-1024x577.jpg 1024w, https:\/\/www.albalatdelstarongers.es\/wp-content\/uploads\/2024\/07\/Antes-actuacion1-1-1200x676.jpg 1200w, https:\/\/www.albalatdelstarongers.es\/wp-content\/uploads\/2024\/07\/Antes-actuacion1-1-1536x865.jpg 1536w\" sizes=\"(max-width: 289px) 100vw, 289px\" \/><\/p>\n<div style=\"width: 1200px;\" class=\"wp-video\"><video class=\"wp-video-shortcode\" id=\"video-8724-3\" width=\"1200\" height=\"675\" preload=\"metadata\" controls=\"controls\"><source type=\"video\/mp4\" src=\"https:\/\/www.albalatdelstarongers.es\/wp-content\/uploads\/2024\/07\/20240402_125658.mp4?_=3\" \/><a href=\"https:\/\/www.albalatdelstarongers.es\/wp-content\/uploads\/2024\/07\/20240402_125658.mp4\">https:\/\/www.albalatdelstarongers.es\/wp-content\/uploads\/2024\/07\/20240402_125658.mp4<\/a><\/video><\/div>\n<\/div>\n","protected":false},"excerpt":{"rendered":"<p>GESTION FORESTAL 2022 \u2013 Modalidad A.2.5 2 de mayo de  [&#8230;]<\/p>\n","protected":false},"author":2,"featured_media":0,"comment_status":"open","ping_status":"open","sticky":false,"template":"","format":"standard","meta":{"_bbp_topic_count":0,"_bbp_reply_count":0,"_bbp_total_topic_count":0,"_bbp_total_reply_count":0,"_bbp_voice_count":0,"_bbp_anonymous_reply_count":0,"_bbp_topic_count_hidden":0,"_bbp_reply_count_hidden":0,"_bbp_forum_subforum_count":0,"footnotes":""},"categories":[1],"tags":[],"class_list":["post-8724","post","type-post","status-publish","format-standard","hentry","category-sin-categorizar"],"yoast_head":"<!-- This site is optimized with the Yoast SEO plugin v26.6 - https:\/\/yoast.com\/wordpress\/plugins\/seo\/ -->\n<title>Inicio de las actuaciones comprendidas en la subvenci\u00f3n Reacciona 2022 \u2013 Gesti\u00f3n Forestal y Prevenci\u00f3n de Incendios Forestales - Albalat dels Tarongers<\/title>\n<meta name=\"robots\" content=\"index, follow, max-snippet:-1, max-image-preview:large, max-video-preview:-1\" \/>\n<link rel=\"canonical\" href=\"https:\/\/www.albalatdelstarongers.es\/es\/inici-de-les-actuacions-compreses-en-la-subvencio-reacciona-2022-gestio-forestal-i-prevencio-dincendis-forestals\/\" \/>\n<meta property=\"og:locale\" content=\"es_ES\" \/>\n<meta property=\"og:type\" content=\"article\" \/>\n<meta property=\"og:title\" content=\"Inicio de las actuaciones comprendidas en la subvenci\u00f3n Reacciona 2022 \u2013 Gesti\u00f3n Forestal y Prevenci\u00f3n de Incendios Forestales - Albalat dels Tarongers\" \/>\n<meta property=\"og:description\" content=\"GESTION FORESTAL 2022 \u2013 Modalidad A.2.5 2 de mayo de [...]\" \/>\n<meta property=\"og:url\" content=\"https:\/\/www.albalatdelstarongers.es\/es\/inici-de-les-actuacions-compreses-en-la-subvencio-reacciona-2022-gestio-forestal-i-prevencio-dincendis-forestals\/\" \/>\n<meta property=\"og:site_name\" content=\"Albalat dels Tarongers\" \/>\n<meta property=\"article:publisher\" content=\"https:\/\/www.facebook.com\/aytoalbalatdelstarongers\/\" \/>\n<meta property=\"article:published_time\" content=\"2024-07-04T11:36:07+00:00\" \/>\n<meta property=\"article:modified_time\" content=\"2024-07-04T11:51:15+00:00\" \/>\n<meta property=\"og:image\" content=\"https:\/\/www.albalatdelstarongers.es\/wp-content\/uploads\/2024\/07\/Antes-actuacion-300x169.jpg\" \/>\n<meta name=\"author\" content=\"Sandra\" \/>\n<meta name=\"twitter:card\" content=\"summary_large_image\" \/>\n<meta name=\"twitter:label1\" content=\"Escrito por\" \/>\n\t<meta name=\"twitter:data1\" content=\"Sandra\" \/>\n\t<meta name=\"twitter:label2\" content=\"Tiempo de lectura\" \/>\n\t<meta name=\"twitter:data2\" content=\"2 minutos\" \/>\n<script type=\"application\/ld+json\" class=\"yoast-schema-graph\">{\"@context\":\"https:\/\/schema.org\",\"@graph\":[{\"@type\":\"Article\",\"@id\":\"https:\/\/www.albalatdelstarongers.es\/es\/inici-de-les-actuacions-compreses-en-la-subvencio-reacciona-2022-gestio-forestal-i-prevencio-dincendis-forestals\/#article\",\"isPartOf\":{\"@id\":\"https:\/\/www.albalatdelstarongers.es\/es\/inici-de-les-actuacions-compreses-en-la-subvencio-reacciona-2022-gestio-forestal-i-prevencio-dincendis-forestals\/\"},\"author\":{\"name\":\"Sandra\",\"@id\":\"https:\/\/www.albalatdelstarongers.es\/es\/#\/schema\/person\/aedf0a83549c19bdaea211e35eb23074\"},\"headline\":\"Inicio de las actuaciones comprendidas en la subvenci\u00f3n Reacciona 2022 \u2013 Gesti\u00f3n Forestal y Prevenci\u00f3n de Incendios Forestales\",\"datePublished\":\"2024-07-04T11:36:07+00:00\",\"dateModified\":\"2024-07-04T11:51:15+00:00\",\"mainEntityOfPage\":{\"@id\":\"https:\/\/www.albalatdelstarongers.es\/es\/inici-de-les-actuacions-compreses-en-la-subvencio-reacciona-2022-gestio-forestal-i-prevencio-dincendis-forestals\/\"},\"wordCount\":146,\"commentCount\":0,\"publisher\":{\"@id\":\"https:\/\/www.albalatdelstarongers.es\/es\/#organization\"},\"image\":{\"@id\":\"https:\/\/www.albalatdelstarongers.es\/es\/inici-de-les-actuacions-compreses-en-la-subvencio-reacciona-2022-gestio-forestal-i-prevencio-dincendis-forestals\/#primaryimage\"},\"thumbnailUrl\":\"https:\/\/www.albalatdelstarongers.es\/wp-content\/uploads\/2024\/07\/Antes-actuacion-300x169.jpg\",\"articleSection\":[\"Sin categorizar\"],\"inLanguage\":\"es\",\"potentialAction\":[{\"@type\":\"CommentAction\",\"name\":\"Comment\",\"target\":[\"https:\/\/www.albalatdelstarongers.es\/es\/inici-de-les-actuacions-compreses-en-la-subvencio-reacciona-2022-gestio-forestal-i-prevencio-dincendis-forestals\/#respond\"]}]},{\"@type\":\"WebPage\",\"@id\":\"https:\/\/www.albalatdelstarongers.es\/es\/inici-de-les-actuacions-compreses-en-la-subvencio-reacciona-2022-gestio-forestal-i-prevencio-dincendis-forestals\/\",\"url\":\"https:\/\/www.albalatdelstarongers.es\/es\/inici-de-les-actuacions-compreses-en-la-subvencio-reacciona-2022-gestio-forestal-i-prevencio-dincendis-forestals\/\",\"name\":\"Inicio de las actuaciones comprendidas en la subvenci\u00f3n Reacciona 2022 \u2013 Gesti\u00f3n Forestal y Prevenci\u00f3n de Incendios Forestales - Albalat dels Tarongers\",\"isPartOf\":{\"@id\":\"https:\/\/www.albalatdelstarongers.es\/es\/#website\"},\"primaryImageOfPage\":{\"@id\":\"https:\/\/www.albalatdelstarongers.es\/es\/inici-de-les-actuacions-compreses-en-la-subvencio-reacciona-2022-gestio-forestal-i-prevencio-dincendis-forestals\/#primaryimage\"},\"image\":{\"@id\":\"https:\/\/www.albalatdelstarongers.es\/es\/inici-de-les-actuacions-compreses-en-la-subvencio-reacciona-2022-gestio-forestal-i-prevencio-dincendis-forestals\/#primaryimage\"},\"thumbnailUrl\":\"https:\/\/www.albalatdelstarongers.es\/wp-content\/uploads\/2024\/07\/Antes-actuacion-300x169.jpg\",\"datePublished\":\"2024-07-04T11:36:07+00:00\",\"dateModified\":\"2024-07-04T11:51:15+00:00\",\"breadcrumb\":{\"@id\":\"https:\/\/www.albalatdelstarongers.es\/es\/inici-de-les-actuacions-compreses-en-la-subvencio-reacciona-2022-gestio-forestal-i-prevencio-dincendis-forestals\/#breadcrumb\"},\"inLanguage\":\"es\",\"potentialAction\":[{\"@type\":\"ReadAction\",\"target\":[\"https:\/\/www.albalatdelstarongers.es\/es\/inici-de-les-actuacions-compreses-en-la-subvencio-reacciona-2022-gestio-forestal-i-prevencio-dincendis-forestals\/\"]}]},{\"@type\":\"ImageObject\",\"inLanguage\":\"es\",\"@id\":\"https:\/\/www.albalatdelstarongers.es\/es\/inici-de-les-actuacions-compreses-en-la-subvencio-reacciona-2022-gestio-forestal-i-prevencio-dincendis-forestals\/#primaryimage\",\"url\":\"https:\/\/www.albalatdelstarongers.es\/wp-content\/uploads\/2024\/07\/Antes-actuacion-300x169.jpg\",\"contentUrl\":\"https:\/\/www.albalatdelstarongers.es\/wp-content\/uploads\/2024\/07\/Antes-actuacion-300x169.jpg\"},{\"@type\":\"BreadcrumbList\",\"@id\":\"https:\/\/www.albalatdelstarongers.es\/es\/inici-de-les-actuacions-compreses-en-la-subvencio-reacciona-2022-gestio-forestal-i-prevencio-dincendis-forestals\/#breadcrumb\",\"itemListElement\":[{\"@type\":\"ListItem\",\"position\":1,\"name\":\"Portada\",\"item\":\"https:\/\/www.albalatdelstarongers.es\/es\/\"},{\"@type\":\"ListItem\",\"position\":2,\"name\":\"Inicio de las actuaciones comprendidas en la subvenci\u00f3n Reacciona 2022 \u2013 Gesti\u00f3n Forestal y Prevenci\u00f3n de Incendios Forestales\"}]},{\"@type\":\"WebSite\",\"@id\":\"https:\/\/www.albalatdelstarongers.es\/es\/#website\",\"url\":\"https:\/\/www.albalatdelstarongers.es\/es\/\",\"name\":\"Albalat dels Tarongers\",\"description\":\"\",\"publisher\":{\"@id\":\"https:\/\/www.albalatdelstarongers.es\/es\/#organization\"},\"potentialAction\":[{\"@type\":\"SearchAction\",\"target\":{\"@type\":\"EntryPoint\",\"urlTemplate\":\"https:\/\/www.albalatdelstarongers.es\/es\/?s={search_term_string}\"},\"query-input\":{\"@type\":\"PropertyValueSpecification\",\"valueRequired\":true,\"valueName\":\"search_term_string\"}}],\"inLanguage\":\"es\"},{\"@type\":\"Organization\",\"@id\":\"https:\/\/www.albalatdelstarongers.es\/es\/#organization\",\"name\":\"Ajuntament Albalat dels Tarongers\",\"url\":\"https:\/\/www.albalatdelstarongers.es\/es\/\",\"logo\":{\"@type\":\"ImageObject\",\"inLanguage\":\"es\",\"@id\":\"https:\/\/www.albalatdelstarongers.es\/es\/#\/schema\/logo\/image\/\",\"url\":\"https:\/\/www.albalatdelstarongers.es\/wp-content\/uploads\/2018\/11\/Albalat-dels-Tarongers.png\",\"contentUrl\":\"https:\/\/www.albalatdelstarongers.es\/wp-content\/uploads\/2018\/11\/Albalat-dels-Tarongers.png\",\"width\":469,\"height\":110,\"caption\":\"Ajuntament Albalat dels Tarongers\"},\"image\":{\"@id\":\"https:\/\/www.albalatdelstarongers.es\/es\/#\/schema\/logo\/image\/\"},\"sameAs\":[\"https:\/\/www.facebook.com\/aytoalbalatdelstarongers\/\",\"https:\/\/www.instagram.com\/albalat_dels_tarongers\/\"]},{\"@type\":\"Person\",\"@id\":\"https:\/\/www.albalatdelstarongers.es\/es\/#\/schema\/person\/aedf0a83549c19bdaea211e35eb23074\",\"name\":\"Sandra\",\"image\":{\"@type\":\"ImageObject\",\"inLanguage\":\"es\",\"@id\":\"https:\/\/www.albalatdelstarongers.es\/es\/#\/schema\/person\/image\/\",\"url\":\"https:\/\/secure.gravatar.com\/avatar\/70ff4e8615c85b19441f0c43cf614386562960fcfa397729a499419e72e1b6ff?s=96&d=mm&r=g\",\"contentUrl\":\"https:\/\/secure.gravatar.com\/avatar\/70ff4e8615c85b19441f0c43cf614386562960fcfa397729a499419e72e1b6ff?s=96&d=mm&r=g\",\"caption\":\"Sandra\"}}]}<\/script>\n<!-- \/ Yoast SEO plugin. -->","yoast_head_json":{"title":"Inicio de las actuaciones comprendidas en la subvenci\u00f3n Reacciona 2022 \u2013 Gesti\u00f3n Forestal y Prevenci\u00f3n de Incendios Forestales - Albalat dels Tarongers","robots":{"index":"index","follow":"follow","max-snippet":"max-snippet:-1","max-image-preview":"max-image-preview:large","max-video-preview":"max-video-preview:-1"},"canonical":"https:\/\/www.albalatdelstarongers.es\/es\/inici-de-les-actuacions-compreses-en-la-subvencio-reacciona-2022-gestio-forestal-i-prevencio-dincendis-forestals\/","og_locale":"es_ES","og_type":"article","og_title":"Inicio de las actuaciones comprendidas en la subvenci\u00f3n Reacciona 2022 \u2013 Gesti\u00f3n Forestal y Prevenci\u00f3n de Incendios Forestales - Albalat dels Tarongers","og_description":"GESTION FORESTAL 2022 \u2013 Modalidad A.2.5 2 de mayo de [...]","og_url":"https:\/\/www.albalatdelstarongers.es\/es\/inici-de-les-actuacions-compreses-en-la-subvencio-reacciona-2022-gestio-forestal-i-prevencio-dincendis-forestals\/","og_site_name":"Albalat dels Tarongers","article_publisher":"https:\/\/www.facebook.com\/aytoalbalatdelstarongers\/","article_published_time":"2024-07-04T11:36:07+00:00","article_modified_time":"2024-07-04T11:51:15+00:00","og_image":[{"url":"https:\/\/www.albalatdelstarongers.es\/wp-content\/uploads\/2024\/07\/Antes-actuacion-300x169.jpg","type":"","width":"","height":""}],"author":"Sandra","twitter_card":"summary_large_image","twitter_misc":{"Escrito por":"Sandra","Tiempo de lectura":"2 minutos"},"schema":{"@context":"https:\/\/schema.org","@graph":[{"@type":"Article","@id":"https:\/\/www.albalatdelstarongers.es\/es\/inici-de-les-actuacions-compreses-en-la-subvencio-reacciona-2022-gestio-forestal-i-prevencio-dincendis-forestals\/#article","isPartOf":{"@id":"https:\/\/www.albalatdelstarongers.es\/es\/inici-de-les-actuacions-compreses-en-la-subvencio-reacciona-2022-gestio-forestal-i-prevencio-dincendis-forestals\/"},"author":{"name":"Sandra","@id":"https:\/\/www.albalatdelstarongers.es\/es\/#\/schema\/person\/aedf0a83549c19bdaea211e35eb23074"},"headline":"Inicio de las actuaciones comprendidas en la subvenci\u00f3n Reacciona 2022 \u2013 Gesti\u00f3n Forestal y Prevenci\u00f3n de Incendios Forestales","datePublished":"2024-07-04T11:36:07+00:00","dateModified":"2024-07-04T11:51:15+00:00","mainEntityOfPage":{"@id":"https:\/\/www.albalatdelstarongers.es\/es\/inici-de-les-actuacions-compreses-en-la-subvencio-reacciona-2022-gestio-forestal-i-prevencio-dincendis-forestals\/"},"wordCount":146,"commentCount":0,"publisher":{"@id":"https:\/\/www.albalatdelstarongers.es\/es\/#organization"},"image":{"@id":"https:\/\/www.albalatdelstarongers.es\/es\/inici-de-les-actuacions-compreses-en-la-subvencio-reacciona-2022-gestio-forestal-i-prevencio-dincendis-forestals\/#primaryimage"},"thumbnailUrl":"https:\/\/www.albalatdelstarongers.es\/wp-content\/uploads\/2024\/07\/Antes-actuacion-300x169.jpg","articleSection":["Sin categorizar"],"inLanguage":"es","potentialAction":[{"@type":"CommentAction","name":"Comment","target":["https:\/\/www.albalatdelstarongers.es\/es\/inici-de-les-actuacions-compreses-en-la-subvencio-reacciona-2022-gestio-forestal-i-prevencio-dincendis-forestals\/#respond"]}]},{"@type":"WebPage","@id":"https:\/\/www.albalatdelstarongers.es\/es\/inici-de-les-actuacions-compreses-en-la-subvencio-reacciona-2022-gestio-forestal-i-prevencio-dincendis-forestals\/","url":"https:\/\/www.albalatdelstarongers.es\/es\/inici-de-les-actuacions-compreses-en-la-subvencio-reacciona-2022-gestio-forestal-i-prevencio-dincendis-forestals\/","name":"Inicio de las actuaciones comprendidas en la subvenci\u00f3n Reacciona 2022 \u2013 Gesti\u00f3n Forestal y Prevenci\u00f3n de Incendios Forestales - Albalat dels Tarongers","isPartOf":{"@id":"https:\/\/www.albalatdelstarongers.es\/es\/#website"},"primaryImageOfPage":{"@id":"https:\/\/www.albalatdelstarongers.es\/es\/inici-de-les-actuacions-compreses-en-la-subvencio-reacciona-2022-gestio-forestal-i-prevencio-dincendis-forestals\/#primaryimage"},"image":{"@id":"https:\/\/www.albalatdelstarongers.es\/es\/inici-de-les-actuacions-compreses-en-la-subvencio-reacciona-2022-gestio-forestal-i-prevencio-dincendis-forestals\/#primaryimage"},"thumbnailUrl":"https:\/\/www.albalatdelstarongers.es\/wp-content\/uploads\/2024\/07\/Antes-actuacion-300x169.jpg","datePublished":"2024-07-04T11:36:07+00:00","dateModified":"2024-07-04T11:51:15+00:00","breadcrumb":{"@id":"https:\/\/www.albalatdelstarongers.es\/es\/inici-de-les-actuacions-compreses-en-la-subvencio-reacciona-2022-gestio-forestal-i-prevencio-dincendis-forestals\/#breadcrumb"},"inLanguage":"es","potentialAction":[{"@type":"ReadAction","target":["https:\/\/www.albalatdelstarongers.es\/es\/inici-de-les-actuacions-compreses-en-la-subvencio-reacciona-2022-gestio-forestal-i-prevencio-dincendis-forestals\/"]}]},{"@type":"ImageObject","inLanguage":"es","@id":"https:\/\/www.albalatdelstarongers.es\/es\/inici-de-les-actuacions-compreses-en-la-subvencio-reacciona-2022-gestio-forestal-i-prevencio-dincendis-forestals\/#primaryimage","url":"https:\/\/www.albalatdelstarongers.es\/wp-content\/uploads\/2024\/07\/Antes-actuacion-300x169.jpg","contentUrl":"https:\/\/www.albalatdelstarongers.es\/wp-content\/uploads\/2024\/07\/Antes-actuacion-300x169.jpg"},{"@type":"BreadcrumbList","@id":"https:\/\/www.albalatdelstarongers.es\/es\/inici-de-les-actuacions-compreses-en-la-subvencio-reacciona-2022-gestio-forestal-i-prevencio-dincendis-forestals\/#breadcrumb","itemListElement":[{"@type":"ListItem","position":1,"name":"Portada","item":"https:\/\/www.albalatdelstarongers.es\/es\/"},{"@type":"ListItem","position":2,"name":"Inicio de las actuaciones comprendidas en la subvenci\u00f3n Reacciona 2022 \u2013 Gesti\u00f3n Forestal y Prevenci\u00f3n de Incendios Forestales"}]},{"@type":"WebSite","@id":"https:\/\/www.albalatdelstarongers.es\/es\/#website","url":"https:\/\/www.albalatdelstarongers.es\/es\/","name":"Albalat dels Tarongers","description":"","publisher":{"@id":"https:\/\/www.albalatdelstarongers.es\/es\/#organization"},"potentialAction":[{"@type":"SearchAction","target":{"@type":"EntryPoint","urlTemplate":"https:\/\/www.albalatdelstarongers.es\/es\/?s={search_term_string}"},"query-input":{"@type":"PropertyValueSpecification","valueRequired":true,"valueName":"search_term_string"}}],"inLanguage":"es"},{"@type":"Organization","@id":"https:\/\/www.albalatdelstarongers.es\/es\/#organization","name":"Ajuntament Albalat dels Tarongers","url":"https:\/\/www.albalatdelstarongers.es\/es\/","logo":{"@type":"ImageObject","inLanguage":"es","@id":"https:\/\/www.albalatdelstarongers.es\/es\/#\/schema\/logo\/image\/","url":"https:\/\/www.albalatdelstarongers.es\/wp-content\/uploads\/2018\/11\/Albalat-dels-Tarongers.png","contentUrl":"https:\/\/www.albalatdelstarongers.es\/wp-content\/uploads\/2018\/11\/Albalat-dels-Tarongers.png","width":469,"height":110,"caption":"Ajuntament Albalat dels Tarongers"},"image":{"@id":"https:\/\/www.albalatdelstarongers.es\/es\/#\/schema\/logo\/image\/"},"sameAs":["https:\/\/www.facebook.com\/aytoalbalatdelstarongers\/","https:\/\/www.instagram.com\/albalat_dels_tarongers\/"]},{"@type":"Person","@id":"https:\/\/www.albalatdelstarongers.es\/es\/#\/schema\/person\/aedf0a83549c19bdaea211e35eb23074","name":"Sandra","image":{"@type":"ImageObject","inLanguage":"es","@id":"https:\/\/www.albalatdelstarongers.es\/es\/#\/schema\/person\/image\/","url":"https:\/\/secure.gravatar.com\/avatar\/70ff4e8615c85b19441f0c43cf614386562960fcfa397729a499419e72e1b6ff?s=96&d=mm&r=g","contentUrl":"https:\/\/secure.gravatar.com\/avatar\/70ff4e8615c85b19441f0c43cf614386562960fcfa397729a499419e72e1b6ff?s=96&d=mm&r=g","caption":"Sandra"}}]}},"_links":{"self":[{"href":"https:\/\/www.albalatdelstarongers.es\/es\/wp-json\/wp\/v2\/posts\/8724","targetHints":{"allow":["GET"]}}],"collection":[{"href":"https:\/\/www.albalatdelstarongers.es\/es\/wp-json\/wp\/v2\/posts"}],"about":[{"href":"https:\/\/www.albalatdelstarongers.es\/es\/wp-json\/wp\/v2\/types\/post"}],"author":[{"embeddable":true,"href":"https:\/\/www.albalatdelstarongers.es\/es\/wp-json\/wp\/v2\/users\/2"}],"replies":[{"embeddable":true,"href":"https:\/\/www.albalatdelstarongers.es\/es\/wp-json\/wp\/v2\/comments?post=8724"}],"version-history":[{"count":5,"href":"https:\/\/www.albalatdelstarongers.es\/es\/wp-json\/wp\/v2\/posts\/8724\/revisions"}],"predecessor-version":[{"id":8729,"href":"https:\/\/www.albalatdelstarongers.es\/es\/wp-json\/wp\/v2\/posts\/8724\/revisions\/8729"}],"wp:attachment":[{"href":"https:\/\/www.albalatdelstarongers.es\/es\/wp-json\/wp\/v2\/media?parent=8724"}],"wp:term":[{"taxonomy":"category","embeddable":true,"href":"https:\/\/www.albalatdelstarongers.es\/es\/wp-json\/wp\/v2\/categories?post=8724"},{"taxonomy":"post_tag","embeddable":true,"href":"https:\/\/www.albalatdelstarongers.es\/es\/wp-json\/wp\/v2\/tags?post=8724"}],"curies":[{"name":"wp","href":"https:\/\/api.w.org\/{rel}","templated":true}]}}