{"id":8959,"date":"2024-11-21T13:01:42","date_gmt":"2024-11-21T12:01:42","guid":{"rendered":"https:\/\/www.albalatdelstarongers.es\/?p=8959"},"modified":"2024-11-22T13:32:26","modified_gmt":"2024-11-22T12:32:26","slug":"campana-de-promocion-y-dinamizacion-turistica-impulsem-turisme-2024","status":"publish","type":"post","link":"https:\/\/www.albalatdelstarongers.es\/es\/campana-de-promocion-y-dinamizacion-turistica-impulsem-turisme-2024\/","title":{"rendered":"Campa\u00f1a de Promoci\u00f3n y dinamizaci\u00f3n tur\u00edstica \u201cImpulsem Turisme 2024\u201d"},"content":{"rendered":"<p>El pasado viernes 15 de noviembre tuvo lugar la presentaci\u00f3n del proyecto: \u201cEl Camino del Santo Grial \u2013 Ruta del Conocimiento. El turismo creativo como fuente de dinamizaci\u00f3n socioecon\u00f3mica del territorio &#8211; Experiencia piloto Albalat dels Tarongers\u201d. Proyecto que pretende promover y fortalecer el turismo y la econom\u00eda local a trav\u00e9s del atractivo itinerario que conforma la Ruta del Grial.<br \/>\nAl evento, organizado por el Ayuntamiento de Albalat dels Tarongers en el restaurante Espai les Panses, asistieron vecinos, representantes locales y comarcales y profesionales del turismo. En la charla, que inaugur\u00f3 la presidenta de la Asociaci\u00f3n de la Ruta del Santo Grial, intervinieron la alcaldesa de Albalat dels Tarongers, Maria Asensi, y el concejal de Turismo, Carlos Pic\u00f3n, quienes destacaron el valor hist\u00f3rico y cultural del municipio, como pilares favorecedores e impulsadores del turismo y comercio. Culmin\u00f3 con un aperitivo para todos los asistentes.<br \/>\nEste proyecto cuenta con una subvenci\u00f3n de la Diputaci\u00f3n de Valencia, por importe de 5.411 euros.<\/p>\n<p><img decoding=\"async\" class=\"alignnone wp-image-8956 size-medium\" src=\"https:\/\/www.albalatdelstarongers.es\/wp-content\/uploads\/2024\/11\/IMG-20241120-WA0026-300x225.jpg\" alt=\"\" width=\"300\" height=\"225\" srcset=\"https:\/\/www.albalatdelstarongers.es\/wp-content\/uploads\/2024\/11\/IMG-20241120-WA0026-200x150.jpg 200w, https:\/\/www.albalatdelstarongers.es\/wp-content\/uploads\/2024\/11\/IMG-20241120-WA0026-300x225.jpg 300w, https:\/\/www.albalatdelstarongers.es\/wp-content\/uploads\/2024\/11\/IMG-20241120-WA0026-400x300.jpg 400w, https:\/\/www.albalatdelstarongers.es\/wp-content\/uploads\/2024\/11\/IMG-20241120-WA0026-500x375.jpg 500w, https:\/\/www.albalatdelstarongers.es\/wp-content\/uploads\/2024\/11\/IMG-20241120-WA0026-600x450.jpg 600w, https:\/\/www.albalatdelstarongers.es\/wp-content\/uploads\/2024\/11\/IMG-20241120-WA0026-768x576.jpg 768w, https:\/\/www.albalatdelstarongers.es\/wp-content\/uploads\/2024\/11\/IMG-20241120-WA0026-800x600.jpg 800w, https:\/\/www.albalatdelstarongers.es\/wp-content\/uploads\/2024\/11\/IMG-20241120-WA0026-1024x768.jpg 1024w, https:\/\/www.albalatdelstarongers.es\/wp-content\/uploads\/2024\/11\/IMG-20241120-WA0026-1200x900.jpg 1200w, https:\/\/www.albalatdelstarongers.es\/wp-content\/uploads\/2024\/11\/IMG-20241120-WA0026-1536x1152.jpg 1536w, https:\/\/www.albalatdelstarongers.es\/wp-content\/uploads\/2024\/11\/IMG-20241120-WA0026.jpg 1600w\" sizes=\"(max-width: 300px) 100vw, 300px\" \/> <img decoding=\"async\" class=\"alignnone wp-image-8952 size-medium\" src=\"https:\/\/www.albalatdelstarongers.es\/wp-content\/uploads\/2024\/11\/Imagen-de-WhatsApp-2024-11-15-a-las-11.42.24_de86cd7f-300x225.jpg\" alt=\"\" width=\"300\" height=\"225\" srcset=\"https:\/\/www.albalatdelstarongers.es\/wp-content\/uploads\/2024\/11\/Imagen-de-WhatsApp-2024-11-15-a-las-11.42.24_de86cd7f-200x150.jpg 200w, https:\/\/www.albalatdelstarongers.es\/wp-content\/uploads\/2024\/11\/Imagen-de-WhatsApp-2024-11-15-a-las-11.42.24_de86cd7f-300x225.jpg 300w, https:\/\/www.albalatdelstarongers.es\/wp-content\/uploads\/2024\/11\/Imagen-de-WhatsApp-2024-11-15-a-las-11.42.24_de86cd7f-400x300.jpg 400w, https:\/\/www.albalatdelstarongers.es\/wp-content\/uploads\/2024\/11\/Imagen-de-WhatsApp-2024-11-15-a-las-11.42.24_de86cd7f-500x375.jpg 500w, https:\/\/www.albalatdelstarongers.es\/wp-content\/uploads\/2024\/11\/Imagen-de-WhatsApp-2024-11-15-a-las-11.42.24_de86cd7f-600x450.jpg 600w, https:\/\/www.albalatdelstarongers.es\/wp-content\/uploads\/2024\/11\/Imagen-de-WhatsApp-2024-11-15-a-las-11.42.24_de86cd7f-768x576.jpg 768w, https:\/\/www.albalatdelstarongers.es\/wp-content\/uploads\/2024\/11\/Imagen-de-WhatsApp-2024-11-15-a-las-11.42.24_de86cd7f-800x600.jpg 800w, https:\/\/www.albalatdelstarongers.es\/wp-content\/uploads\/2024\/11\/Imagen-de-WhatsApp-2024-11-15-a-las-11.42.24_de86cd7f-1024x768.jpg 1024w, https:\/\/www.albalatdelstarongers.es\/wp-content\/uploads\/2024\/11\/Imagen-de-WhatsApp-2024-11-15-a-las-11.42.24_de86cd7f-1200x900.jpg 1200w, https:\/\/www.albalatdelstarongers.es\/wp-content\/uploads\/2024\/11\/Imagen-de-WhatsApp-2024-11-15-a-las-11.42.24_de86cd7f-1536x1152.jpg 1536w, https:\/\/www.albalatdelstarongers.es\/wp-content\/uploads\/2024\/11\/Imagen-de-WhatsApp-2024-11-15-a-las-11.42.24_de86cd7f.jpg 1600w\" sizes=\"(max-width: 300px) 100vw, 300px\" \/> <img decoding=\"async\" class=\"alignnone wp-image-8950 size-medium\" src=\"https:\/\/www.albalatdelstarongers.es\/wp-content\/uploads\/2024\/11\/IMG-20241120-WA0012-300x225.jpg\" alt=\"\" width=\"300\" height=\"225\" srcset=\"https:\/\/www.albalatdelstarongers.es\/wp-content\/uploads\/2024\/11\/IMG-20241120-WA0012-200x150.jpg 200w, https:\/\/www.albalatdelstarongers.es\/wp-content\/uploads\/2024\/11\/IMG-20241120-WA0012-300x225.jpg 300w, https:\/\/www.albalatdelstarongers.es\/wp-content\/uploads\/2024\/11\/IMG-20241120-WA0012-400x300.jpg 400w, https:\/\/www.albalatdelstarongers.es\/wp-content\/uploads\/2024\/11\/IMG-20241120-WA0012-500x375.jpg 500w, https:\/\/www.albalatdelstarongers.es\/wp-content\/uploads\/2024\/11\/IMG-20241120-WA0012-600x450.jpg 600w, https:\/\/www.albalatdelstarongers.es\/wp-content\/uploads\/2024\/11\/IMG-20241120-WA0012-768x576.jpg 768w, https:\/\/www.albalatdelstarongers.es\/wp-content\/uploads\/2024\/11\/IMG-20241120-WA0012-800x600.jpg 800w, https:\/\/www.albalatdelstarongers.es\/wp-content\/uploads\/2024\/11\/IMG-20241120-WA0012-1024x768.jpg 1024w, https:\/\/www.albalatdelstarongers.es\/wp-content\/uploads\/2024\/11\/IMG-20241120-WA0012-1200x900.jpg 1200w, https:\/\/www.albalatdelstarongers.es\/wp-content\/uploads\/2024\/11\/IMG-20241120-WA0012-1536x1152.jpg 1536w, https:\/\/www.albalatdelstarongers.es\/wp-content\/uploads\/2024\/11\/IMG-20241120-WA0012.jpg 1600w\" sizes=\"(max-width: 300px) 100vw, 300px\" \/> <img decoding=\"async\" class=\"alignnone wp-image-8948 size-medium\" src=\"https:\/\/www.albalatdelstarongers.es\/wp-content\/uploads\/2024\/11\/IMG-20241120-WA0009-300x225.jpg\" alt=\"\" width=\"300\" height=\"225\" srcset=\"https:\/\/www.albalatdelstarongers.es\/wp-content\/uploads\/2024\/11\/IMG-20241120-WA0009-200x150.jpg 200w, https:\/\/www.albalatdelstarongers.es\/wp-content\/uploads\/2024\/11\/IMG-20241120-WA0009-300x225.jpg 300w, https:\/\/www.albalatdelstarongers.es\/wp-content\/uploads\/2024\/11\/IMG-20241120-WA0009-400x300.jpg 400w, https:\/\/www.albalatdelstarongers.es\/wp-content\/uploads\/2024\/11\/IMG-20241120-WA0009-500x375.jpg 500w, https:\/\/www.albalatdelstarongers.es\/wp-content\/uploads\/2024\/11\/IMG-20241120-WA0009-600x450.jpg 600w, https:\/\/www.albalatdelstarongers.es\/wp-content\/uploads\/2024\/11\/IMG-20241120-WA0009-768x576.jpg 768w, https:\/\/www.albalatdelstarongers.es\/wp-content\/uploads\/2024\/11\/IMG-20241120-WA0009-800x600.jpg 800w, https:\/\/www.albalatdelstarongers.es\/wp-content\/uploads\/2024\/11\/IMG-20241120-WA0009-1024x768.jpg 1024w, https:\/\/www.albalatdelstarongers.es\/wp-content\/uploads\/2024\/11\/IMG-20241120-WA0009-1200x900.jpg 1200w, https:\/\/www.albalatdelstarongers.es\/wp-content\/uploads\/2024\/11\/IMG-20241120-WA0009-1536x1152.jpg 1536w, https:\/\/www.albalatdelstarongers.es\/wp-content\/uploads\/2024\/11\/IMG-20241120-WA0009.jpg 1600w\" sizes=\"(max-width: 300px) 100vw, 300px\" \/><\/p>\n<div style=\"width: 720px;\" class=\"wp-video\"><video class=\"wp-video-shortcode\" id=\"video-8959-1\" width=\"720\" height=\"1280\" preload=\"metadata\" controls=\"controls\"><source type=\"video\/mp4\" src=\"https:\/\/www.albalatdelstarongers.es\/wp-content\/uploads\/2024\/11\/Video-de-WhatsApp-2024-11-15-a-las-16.45.28_84d0d5e9.mp4?_=1\" \/><a href=\"https:\/\/www.albalatdelstarongers.es\/wp-content\/uploads\/2024\/11\/Video-de-WhatsApp-2024-11-15-a-las-16.45.28_84d0d5e9.mp4\">https:\/\/www.albalatdelstarongers.es\/wp-content\/uploads\/2024\/11\/Video-de-WhatsApp-2024-11-15-a-las-16.45.28_84d0d5e9.mp4<\/a><\/video><\/div>\n","protected":false},"excerpt":{"rendered":"<p>El pasado viernes 15 de noviembre tuvo lugar la presentaci\u00f3n  [&#8230;]<\/p>\n","protected":false},"author":2,"featured_media":8965,"comment_status":"open","ping_status":"open","sticky":false,"template":"","format":"standard","meta":{"_bbp_topic_count":0,"_bbp_reply_count":0,"_bbp_total_topic_count":0,"_bbp_total_reply_count":0,"_bbp_voice_count":0,"_bbp_anonymous_reply_count":0,"_bbp_topic_count_hidden":0,"_bbp_reply_count_hidden":0,"_bbp_forum_subforum_count":0,"footnotes":""},"categories":[1],"tags":[],"class_list":["post-8959","post","type-post","status-publish","format-standard","has-post-thumbnail","hentry","category-sin-categorizar"],"yoast_head":"<!-- This site is optimized with the Yoast SEO plugin v26.6 - https:\/\/yoast.com\/wordpress\/plugins\/seo\/ -->\n<title>Campa\u00f1a de Promoci\u00f3n y dinamizaci\u00f3n tur\u00edstica \u201cImpulsem Turisme 2024\u201d - Albalat dels Tarongers<\/title>\n<meta name=\"robots\" content=\"index, follow, max-snippet:-1, max-image-preview:large, max-video-preview:-1\" \/>\n<link rel=\"canonical\" href=\"https:\/\/www.albalatdelstarongers.es\/es\/campana-de-promocion-y-dinamizacion-turistica-impulsem-turisme-2024\/\" \/>\n<meta property=\"og:locale\" content=\"es_ES\" \/>\n<meta property=\"og:type\" content=\"article\" \/>\n<meta property=\"og:title\" content=\"Campa\u00f1a de Promoci\u00f3n y dinamizaci\u00f3n tur\u00edstica \u201cImpulsem Turisme 2024\u201d - Albalat dels Tarongers\" \/>\n<meta property=\"og:description\" content=\"El pasado viernes 15 de noviembre tuvo lugar la presentaci\u00f3n [...]\" \/>\n<meta property=\"og:url\" content=\"https:\/\/www.albalatdelstarongers.es\/es\/campana-de-promocion-y-dinamizacion-turistica-impulsem-turisme-2024\/\" \/>\n<meta property=\"og:site_name\" content=\"Albalat dels Tarongers\" \/>\n<meta property=\"article:publisher\" content=\"https:\/\/www.facebook.com\/aytoalbalatdelstarongers\/\" \/>\n<meta property=\"article:published_time\" content=\"2024-11-21T12:01:42+00:00\" \/>\n<meta property=\"article:modified_time\" content=\"2024-11-22T12:32:26+00:00\" \/>\n<meta name=\"author\" content=\"Sandra\" \/>\n<meta name=\"twitter:card\" content=\"summary_large_image\" \/>\n<meta name=\"twitter:label1\" content=\"Escrito por\" \/>\n\t<meta name=\"twitter:data1\" content=\"Sandra\" \/>\n\t<meta name=\"twitter:label2\" content=\"Tiempo de lectura\" \/>\n\t<meta name=\"twitter:data2\" content=\"2 minutos\" \/>\n<script type=\"application\/ld+json\" class=\"yoast-schema-graph\">{\"@context\":\"https:\/\/schema.org\",\"@graph\":[{\"@type\":\"Article\",\"@id\":\"https:\/\/www.albalatdelstarongers.es\/es\/campana-de-promocion-y-dinamizacion-turistica-impulsem-turisme-2024\/#article\",\"isPartOf\":{\"@id\":\"https:\/\/www.albalatdelstarongers.es\/es\/campana-de-promocion-y-dinamizacion-turistica-impulsem-turisme-2024\/\"},\"author\":{\"name\":\"Sandra\",\"@id\":\"https:\/\/www.albalatdelstarongers.es\/es\/#\/schema\/person\/aedf0a83549c19bdaea211e35eb23074\"},\"headline\":\"Campa\u00f1a de Promoci\u00f3n y dinamizaci\u00f3n tur\u00edstica \u201cImpulsem Turisme 2024\u201d\",\"datePublished\":\"2024-11-21T12:01:42+00:00\",\"dateModified\":\"2024-11-22T12:32:26+00:00\",\"mainEntityOfPage\":{\"@id\":\"https:\/\/www.albalatdelstarongers.es\/es\/campana-de-promocion-y-dinamizacion-turistica-impulsem-turisme-2024\/\"},\"wordCount\":198,\"commentCount\":0,\"publisher\":{\"@id\":\"https:\/\/www.albalatdelstarongers.es\/es\/#organization\"},\"image\":{\"@id\":\"https:\/\/www.albalatdelstarongers.es\/es\/campana-de-promocion-y-dinamizacion-turistica-impulsem-turisme-2024\/#primaryimage\"},\"thumbnailUrl\":\"https:\/\/www.albalatdelstarongers.es\/wp-content\/uploads\/2024\/11\/DVValenciaTurisme-pdf.jpg\",\"articleSection\":[\"Sin categorizar\"],\"inLanguage\":\"es\",\"potentialAction\":[{\"@type\":\"CommentAction\",\"name\":\"Comment\",\"target\":[\"https:\/\/www.albalatdelstarongers.es\/es\/campana-de-promocion-y-dinamizacion-turistica-impulsem-turisme-2024\/#respond\"]}]},{\"@type\":\"WebPage\",\"@id\":\"https:\/\/www.albalatdelstarongers.es\/es\/campana-de-promocion-y-dinamizacion-turistica-impulsem-turisme-2024\/\",\"url\":\"https:\/\/www.albalatdelstarongers.es\/es\/campana-de-promocion-y-dinamizacion-turistica-impulsem-turisme-2024\/\",\"name\":\"Campa\u00f1a de Promoci\u00f3n y dinamizaci\u00f3n tur\u00edstica \u201cImpulsem Turisme 2024\u201d - Albalat dels Tarongers\",\"isPartOf\":{\"@id\":\"https:\/\/www.albalatdelstarongers.es\/es\/#website\"},\"primaryImageOfPage\":{\"@id\":\"https:\/\/www.albalatdelstarongers.es\/es\/campana-de-promocion-y-dinamizacion-turistica-impulsem-turisme-2024\/#primaryimage\"},\"image\":{\"@id\":\"https:\/\/www.albalatdelstarongers.es\/es\/campana-de-promocion-y-dinamizacion-turistica-impulsem-turisme-2024\/#primaryimage\"},\"thumbnailUrl\":\"https:\/\/www.albalatdelstarongers.es\/wp-content\/uploads\/2024\/11\/DVValenciaTurisme-pdf.jpg\",\"datePublished\":\"2024-11-21T12:01:42+00:00\",\"dateModified\":\"2024-11-22T12:32:26+00:00\",\"breadcrumb\":{\"@id\":\"https:\/\/www.albalatdelstarongers.es\/es\/campana-de-promocion-y-dinamizacion-turistica-impulsem-turisme-2024\/#breadcrumb\"},\"inLanguage\":\"es\",\"potentialAction\":[{\"@type\":\"ReadAction\",\"target\":[\"https:\/\/www.albalatdelstarongers.es\/es\/campana-de-promocion-y-dinamizacion-turistica-impulsem-turisme-2024\/\"]}]},{\"@type\":\"ImageObject\",\"inLanguage\":\"es\",\"@id\":\"https:\/\/www.albalatdelstarongers.es\/es\/campana-de-promocion-y-dinamizacion-turistica-impulsem-turisme-2024\/#primaryimage\",\"url\":\"https:\/\/www.albalatdelstarongers.es\/wp-content\/uploads\/2024\/11\/DVValenciaTurisme-pdf.jpg\",\"contentUrl\":\"https:\/\/www.albalatdelstarongers.es\/wp-content\/uploads\/2024\/11\/DVValenciaTurisme-pdf.jpg\"},{\"@type\":\"BreadcrumbList\",\"@id\":\"https:\/\/www.albalatdelstarongers.es\/es\/campana-de-promocion-y-dinamizacion-turistica-impulsem-turisme-2024\/#breadcrumb\",\"itemListElement\":[{\"@type\":\"ListItem\",\"position\":1,\"name\":\"Portada\",\"item\":\"https:\/\/www.albalatdelstarongers.es\/es\/\"},{\"@type\":\"ListItem\",\"position\":2,\"name\":\"Campa\u00f1a de Promoci\u00f3n y dinamizaci\u00f3n tur\u00edstica \u201cImpulsem Turisme 2024\u201d\"}]},{\"@type\":\"WebSite\",\"@id\":\"https:\/\/www.albalatdelstarongers.es\/es\/#website\",\"url\":\"https:\/\/www.albalatdelstarongers.es\/es\/\",\"name\":\"Albalat dels Tarongers\",\"description\":\"\",\"publisher\":{\"@id\":\"https:\/\/www.albalatdelstarongers.es\/es\/#organization\"},\"potentialAction\":[{\"@type\":\"SearchAction\",\"target\":{\"@type\":\"EntryPoint\",\"urlTemplate\":\"https:\/\/www.albalatdelstarongers.es\/es\/?s={search_term_string}\"},\"query-input\":{\"@type\":\"PropertyValueSpecification\",\"valueRequired\":true,\"valueName\":\"search_term_string\"}}],\"inLanguage\":\"es\"},{\"@type\":\"Organization\",\"@id\":\"https:\/\/www.albalatdelstarongers.es\/es\/#organization\",\"name\":\"Ajuntament Albalat dels Tarongers\",\"url\":\"https:\/\/www.albalatdelstarongers.es\/es\/\",\"logo\":{\"@type\":\"ImageObject\",\"inLanguage\":\"es\",\"@id\":\"https:\/\/www.albalatdelstarongers.es\/es\/#\/schema\/logo\/image\/\",\"url\":\"https:\/\/www.albalatdelstarongers.es\/wp-content\/uploads\/2018\/11\/Albalat-dels-Tarongers.png\",\"contentUrl\":\"https:\/\/www.albalatdelstarongers.es\/wp-content\/uploads\/2018\/11\/Albalat-dels-Tarongers.png\",\"width\":469,\"height\":110,\"caption\":\"Ajuntament Albalat dels Tarongers\"},\"image\":{\"@id\":\"https:\/\/www.albalatdelstarongers.es\/es\/#\/schema\/logo\/image\/\"},\"sameAs\":[\"https:\/\/www.facebook.com\/aytoalbalatdelstarongers\/\",\"https:\/\/www.instagram.com\/albalat_dels_tarongers\/\"]},{\"@type\":\"Person\",\"@id\":\"https:\/\/www.albalatdelstarongers.es\/es\/#\/schema\/person\/aedf0a83549c19bdaea211e35eb23074\",\"name\":\"Sandra\",\"image\":{\"@type\":\"ImageObject\",\"inLanguage\":\"es\",\"@id\":\"https:\/\/www.albalatdelstarongers.es\/es\/#\/schema\/person\/image\/\",\"url\":\"https:\/\/secure.gravatar.com\/avatar\/70ff4e8615c85b19441f0c43cf614386562960fcfa397729a499419e72e1b6ff?s=96&d=mm&r=g\",\"contentUrl\":\"https:\/\/secure.gravatar.com\/avatar\/70ff4e8615c85b19441f0c43cf614386562960fcfa397729a499419e72e1b6ff?s=96&d=mm&r=g\",\"caption\":\"Sandra\"}}]}<\/script>\n<!-- \/ Yoast SEO plugin. -->","yoast_head_json":{"title":"Campa\u00f1a de Promoci\u00f3n y dinamizaci\u00f3n tur\u00edstica \u201cImpulsem Turisme 2024\u201d - Albalat dels Tarongers","robots":{"index":"index","follow":"follow","max-snippet":"max-snippet:-1","max-image-preview":"max-image-preview:large","max-video-preview":"max-video-preview:-1"},"canonical":"https:\/\/www.albalatdelstarongers.es\/es\/campana-de-promocion-y-dinamizacion-turistica-impulsem-turisme-2024\/","og_locale":"es_ES","og_type":"article","og_title":"Campa\u00f1a de Promoci\u00f3n y dinamizaci\u00f3n tur\u00edstica \u201cImpulsem Turisme 2024\u201d - Albalat dels Tarongers","og_description":"El pasado viernes 15 de noviembre tuvo lugar la presentaci\u00f3n [...]","og_url":"https:\/\/www.albalatdelstarongers.es\/es\/campana-de-promocion-y-dinamizacion-turistica-impulsem-turisme-2024\/","og_site_name":"Albalat dels Tarongers","article_publisher":"https:\/\/www.facebook.com\/aytoalbalatdelstarongers\/","article_published_time":"2024-11-21T12:01:42+00:00","article_modified_time":"2024-11-22T12:32:26+00:00","author":"Sandra","twitter_card":"summary_large_image","twitter_misc":{"Escrito por":"Sandra","Tiempo de lectura":"2 minutos"},"schema":{"@context":"https:\/\/schema.org","@graph":[{"@type":"Article","@id":"https:\/\/www.albalatdelstarongers.es\/es\/campana-de-promocion-y-dinamizacion-turistica-impulsem-turisme-2024\/#article","isPartOf":{"@id":"https:\/\/www.albalatdelstarongers.es\/es\/campana-de-promocion-y-dinamizacion-turistica-impulsem-turisme-2024\/"},"author":{"name":"Sandra","@id":"https:\/\/www.albalatdelstarongers.es\/es\/#\/schema\/person\/aedf0a83549c19bdaea211e35eb23074"},"headline":"Campa\u00f1a de Promoci\u00f3n y dinamizaci\u00f3n tur\u00edstica \u201cImpulsem Turisme 2024\u201d","datePublished":"2024-11-21T12:01:42+00:00","dateModified":"2024-11-22T12:32:26+00:00","mainEntityOfPage":{"@id":"https:\/\/www.albalatdelstarongers.es\/es\/campana-de-promocion-y-dinamizacion-turistica-impulsem-turisme-2024\/"},"wordCount":198,"commentCount":0,"publisher":{"@id":"https:\/\/www.albalatdelstarongers.es\/es\/#organization"},"image":{"@id":"https:\/\/www.albalatdelstarongers.es\/es\/campana-de-promocion-y-dinamizacion-turistica-impulsem-turisme-2024\/#primaryimage"},"thumbnailUrl":"https:\/\/www.albalatdelstarongers.es\/wp-content\/uploads\/2024\/11\/DVValenciaTurisme-pdf.jpg","articleSection":["Sin categorizar"],"inLanguage":"es","potentialAction":[{"@type":"CommentAction","name":"Comment","target":["https:\/\/www.albalatdelstarongers.es\/es\/campana-de-promocion-y-dinamizacion-turistica-impulsem-turisme-2024\/#respond"]}]},{"@type":"WebPage","@id":"https:\/\/www.albalatdelstarongers.es\/es\/campana-de-promocion-y-dinamizacion-turistica-impulsem-turisme-2024\/","url":"https:\/\/www.albalatdelstarongers.es\/es\/campana-de-promocion-y-dinamizacion-turistica-impulsem-turisme-2024\/","name":"Campa\u00f1a de Promoci\u00f3n y dinamizaci\u00f3n tur\u00edstica \u201cImpulsem Turisme 2024\u201d - Albalat dels Tarongers","isPartOf":{"@id":"https:\/\/www.albalatdelstarongers.es\/es\/#website"},"primaryImageOfPage":{"@id":"https:\/\/www.albalatdelstarongers.es\/es\/campana-de-promocion-y-dinamizacion-turistica-impulsem-turisme-2024\/#primaryimage"},"image":{"@id":"https:\/\/www.albalatdelstarongers.es\/es\/campana-de-promocion-y-dinamizacion-turistica-impulsem-turisme-2024\/#primaryimage"},"thumbnailUrl":"https:\/\/www.albalatdelstarongers.es\/wp-content\/uploads\/2024\/11\/DVValenciaTurisme-pdf.jpg","datePublished":"2024-11-21T12:01:42+00:00","dateModified":"2024-11-22T12:32:26+00:00","breadcrumb":{"@id":"https:\/\/www.albalatdelstarongers.es\/es\/campana-de-promocion-y-dinamizacion-turistica-impulsem-turisme-2024\/#breadcrumb"},"inLanguage":"es","potentialAction":[{"@type":"ReadAction","target":["https:\/\/www.albalatdelstarongers.es\/es\/campana-de-promocion-y-dinamizacion-turistica-impulsem-turisme-2024\/"]}]},{"@type":"ImageObject","inLanguage":"es","@id":"https:\/\/www.albalatdelstarongers.es\/es\/campana-de-promocion-y-dinamizacion-turistica-impulsem-turisme-2024\/#primaryimage","url":"https:\/\/www.albalatdelstarongers.es\/wp-content\/uploads\/2024\/11\/DVValenciaTurisme-pdf.jpg","contentUrl":"https:\/\/www.albalatdelstarongers.es\/wp-content\/uploads\/2024\/11\/DVValenciaTurisme-pdf.jpg"},{"@type":"BreadcrumbList","@id":"https:\/\/www.albalatdelstarongers.es\/es\/campana-de-promocion-y-dinamizacion-turistica-impulsem-turisme-2024\/#breadcrumb","itemListElement":[{"@type":"ListItem","position":1,"name":"Portada","item":"https:\/\/www.albalatdelstarongers.es\/es\/"},{"@type":"ListItem","position":2,"name":"Campa\u00f1a de Promoci\u00f3n y dinamizaci\u00f3n tur\u00edstica \u201cImpulsem Turisme 2024\u201d"}]},{"@type":"WebSite","@id":"https:\/\/www.albalatdelstarongers.es\/es\/#website","url":"https:\/\/www.albalatdelstarongers.es\/es\/","name":"Albalat dels Tarongers","description":"","publisher":{"@id":"https:\/\/www.albalatdelstarongers.es\/es\/#organization"},"potentialAction":[{"@type":"SearchAction","target":{"@type":"EntryPoint","urlTemplate":"https:\/\/www.albalatdelstarongers.es\/es\/?s={search_term_string}"},"query-input":{"@type":"PropertyValueSpecification","valueRequired":true,"valueName":"search_term_string"}}],"inLanguage":"es"},{"@type":"Organization","@id":"https:\/\/www.albalatdelstarongers.es\/es\/#organization","name":"Ajuntament Albalat dels Tarongers","url":"https:\/\/www.albalatdelstarongers.es\/es\/","logo":{"@type":"ImageObject","inLanguage":"es","@id":"https:\/\/www.albalatdelstarongers.es\/es\/#\/schema\/logo\/image\/","url":"https:\/\/www.albalatdelstarongers.es\/wp-content\/uploads\/2018\/11\/Albalat-dels-Tarongers.png","contentUrl":"https:\/\/www.albalatdelstarongers.es\/wp-content\/uploads\/2018\/11\/Albalat-dels-Tarongers.png","width":469,"height":110,"caption":"Ajuntament Albalat dels Tarongers"},"image":{"@id":"https:\/\/www.albalatdelstarongers.es\/es\/#\/schema\/logo\/image\/"},"sameAs":["https:\/\/www.facebook.com\/aytoalbalatdelstarongers\/","https:\/\/www.instagram.com\/albalat_dels_tarongers\/"]},{"@type":"Person","@id":"https:\/\/www.albalatdelstarongers.es\/es\/#\/schema\/person\/aedf0a83549c19bdaea211e35eb23074","name":"Sandra","image":{"@type":"ImageObject","inLanguage":"es","@id":"https:\/\/www.albalatdelstarongers.es\/es\/#\/schema\/person\/image\/","url":"https:\/\/secure.gravatar.com\/avatar\/70ff4e8615c85b19441f0c43cf614386562960fcfa397729a499419e72e1b6ff?s=96&d=mm&r=g","contentUrl":"https:\/\/secure.gravatar.com\/avatar\/70ff4e8615c85b19441f0c43cf614386562960fcfa397729a499419e72e1b6ff?s=96&d=mm&r=g","caption":"Sandra"}}]}},"_links":{"self":[{"href":"https:\/\/www.albalatdelstarongers.es\/es\/wp-json\/wp\/v2\/posts\/8959","targetHints":{"allow":["GET"]}}],"collection":[{"href":"https:\/\/www.albalatdelstarongers.es\/es\/wp-json\/wp\/v2\/posts"}],"about":[{"href":"https:\/\/www.albalatdelstarongers.es\/es\/wp-json\/wp\/v2\/types\/post"}],"author":[{"embeddable":true,"href":"https:\/\/www.albalatdelstarongers.es\/es\/wp-json\/wp\/v2\/users\/2"}],"replies":[{"embeddable":true,"href":"https:\/\/www.albalatdelstarongers.es\/es\/wp-json\/wp\/v2\/comments?post=8959"}],"version-history":[{"count":2,"href":"https:\/\/www.albalatdelstarongers.es\/es\/wp-json\/wp\/v2\/posts\/8959\/revisions"}],"predecessor-version":[{"id":8961,"href":"https:\/\/www.albalatdelstarongers.es\/es\/wp-json\/wp\/v2\/posts\/8959\/revisions\/8961"}],"wp:featuredmedia":[{"embeddable":true,"href":"https:\/\/www.albalatdelstarongers.es\/es\/wp-json\/wp\/v2\/media\/8965"}],"wp:attachment":[{"href":"https:\/\/www.albalatdelstarongers.es\/es\/wp-json\/wp\/v2\/media?parent=8959"}],"wp:term":[{"taxonomy":"category","embeddable":true,"href":"https:\/\/www.albalatdelstarongers.es\/es\/wp-json\/wp\/v2\/categories?post=8959"},{"taxonomy":"post_tag","embeddable":true,"href":"https:\/\/www.albalatdelstarongers.es\/es\/wp-json\/wp\/v2\/tags?post=8959"}],"curies":[{"name":"wp","href":"https:\/\/api.w.org\/{rel}","templated":true}]}}