{"id":8999,"date":"2024-12-13T09:23:06","date_gmt":"2024-12-13T08:23:06","guid":{"rendered":"https:\/\/www.albalatdelstarongers.es\/?p=8999"},"modified":"2024-12-13T09:23:06","modified_gmt":"2024-12-13T08:23:06","slug":"aprobacion-del-expediente-de-contratacion-y-pliegos-para-la-adjudicacion-de-los-aprovechamientos-apicolas-y-de-pastos-de-los-montes-publicos-denominados-la-comediana-el-caball-y-el-garbi","status":"publish","type":"post","link":"https:\/\/www.albalatdelstarongers.es\/es\/aprobacion-del-expediente-de-contratacion-y-pliegos-para-la-adjudicacion-de-los-aprovechamientos-apicolas-y-de-pastos-de-los-montes-publicos-denominados-la-comediana-el-caball-y-el-garbi\/","title":{"rendered":"APROBACI\u00d3N DEL EXPEDIENTE DE CONTRATACI\u00d3N Y PLIEGOS PARA LA ADJUDICACI\u00d3N DE LOS APROVECHAMIENTOS AP\u00cdCOLAS Y DE PASTOS DE LOS MONTES P\u00daBLICOS DENOMINADOS, LA COMEDIANA, EL CABALL Y EL GARB\u00cd."},"content":{"rendered":"<p>Anuncio del Ayuntamiento de Albalat dels Tarongers sobre aprobaci\u00f3n del expediente de contrataci\u00f3n y pliegos para la adjudicaci\u00f3n de los aprovechamientos ap\u00edcolas y de pastos de los montes p\u00fablicos denominados, La Comediana, El Caball y El Garbi.<\/p>\n<p>Para participar en la licitaci\u00f3n ser\u00e1 requisito indispensable la consignaci\u00f3n previa de una garant\u00eda provisional por importe del 2 por ciento del valor de la tasaci\u00f3n del aprovechamiento y monte correspondiente. As\u00ed como, ser\u00e1 necesario disponer del libro de explotaci\u00f3n ganadera en vigor debidamente actualizado.<\/p>\n<p>El plazo para la presentaci\u00f3n de las solicitudes de participaci\u00f3n ser\u00e1 de 10 d\u00edas h\u00e1biles a contar desde el d\u00eda siguiente de la publicaci\u00f3n del correspondiente anuncio en el Tabl\u00f3n de Anuncios y p\u00e1gina web de este Ayuntamiento.<\/p>\n<p>&nbsp;<\/p>\n<p>&nbsp;<\/p>\n<p><a href=\"https:\/\/www.albalatdelstarongers.es\/wp-content\/uploads\/2024\/12\/EDICTO-FDO.pdf\">EDICTO FDO.<\/a><\/p>\n<p><a href=\"https:\/\/www.albalatdelstarongers.es\/wp-content\/uploads\/2024\/12\/PLIEGO-CONDICIONES-ADMINISTRATIVAS-PASTOS-2024-Garbi.pdf\">PLIEGO CONDICIONES ADMINISTRATIVAS PASTOS 2024 &#8211; Garb\u00ed<\/a><\/p>\n<p><a href=\"https:\/\/www.albalatdelstarongers.es\/wp-content\/uploads\/2024\/12\/PLIEGO-CONDICIONES-ADMINISTRATIVAS-APICOLAS-2024-Garbi.pdf\">PLIEGO CONDICIONES ADMINISTRATIVAS AP\u00cdCOLAS 2024 &#8211; Garb\u00ed<\/a><\/p>\n<p><a href=\"https:\/\/www.albalatdelstarongers.es\/wp-content\/uploads\/2024\/12\/PLIEGO-CONDICIONES-ADMINISTRATIVAS-PASTOS-2024-Cavall.pdf\">PLIEGO CONDICIONES ADMINISTRATIVAS PASTOS 2024 &#8211; Cavall<\/a><\/p>\n<p><a href=\"https:\/\/www.albalatdelstarongers.es\/wp-content\/uploads\/2024\/12\/PLIEGO-CONDICIONES-ADMINISTRATIVAS-APICOLAS-2024-Cavall.pdf\">PLIEGO CONDICIONES ADMINISTRATIVAS AP\u00cdCOLAS 2024 &#8211; Cavall<\/a><\/p>\n<p><a href=\"https:\/\/www.albalatdelstarongers.es\/wp-content\/uploads\/2024\/12\/PLIEGO-CONDICIONES-ADMINISTRATIVAS-PASTOS-2024-Comediana.pdf\">PLIEGO CONDICIONES ADMINISTRATIVAS PASTOS 2024 &#8211; Comediana<\/a><\/p>\n<p><a href=\"https:\/\/www.albalatdelstarongers.es\/wp-content\/uploads\/2024\/12\/PLIEGO-CONDICIONES-ADMINISTRATIVAS-APICOLAS-2024-Comediana.pdf\">PLIEGO CONDICIONES ADMINISTRATIVAS AP\u00cdCOLAS 2024 &#8211; Comediana<\/a><\/p>\n<p>&nbsp;<\/p>\n","protected":false},"excerpt":{"rendered":"<p>Anuncio del Ayuntamiento de Albalat dels Tarongers sobre aprobaci\u00f3n del  [&#8230;]<\/p>\n","protected":false},"author":2,"featured_media":8996,"comment_status":"open","ping_status":"open","sticky":false,"template":"","format":"standard","meta":{"_bbp_topic_count":0,"_bbp_reply_count":0,"_bbp_total_topic_count":0,"_bbp_total_reply_count":0,"_bbp_voice_count":0,"_bbp_anonymous_reply_count":0,"_bbp_topic_count_hidden":0,"_bbp_reply_count_hidden":0,"_bbp_forum_subforum_count":0,"footnotes":""},"categories":[1],"tags":[],"class_list":["post-8999","post","type-post","status-publish","format-standard","has-post-thumbnail","hentry","category-sin-categorizar"],"yoast_head":"<!-- This site is optimized with the Yoast SEO plugin v26.6 - https:\/\/yoast.com\/wordpress\/plugins\/seo\/ -->\n<title>APROBACI\u00d3N DEL EXPEDIENTE DE CONTRATACI\u00d3N Y PLIEGOS PARA LA ADJUDICACI\u00d3N DE LOS APROVECHAMIENTOS AP\u00cdCOLAS Y DE PASTOS DE LOS MONTES P\u00daBLICOS DENOMINADOS, LA COMEDIANA, EL CABALL Y EL GARB\u00cd. - Albalat dels Tarongers<\/title>\n<meta name=\"robots\" content=\"index, follow, max-snippet:-1, max-image-preview:large, max-video-preview:-1\" \/>\n<link rel=\"canonical\" href=\"https:\/\/www.albalatdelstarongers.es\/es\/aprobacion-del-expediente-de-contratacion-y-pliegos-para-la-adjudicacion-de-los-aprovechamientos-apicolas-y-de-pastos-de-los-montes-publicos-denominados-la-comediana-el-caball-y-el-garbi\/\" \/>\n<meta property=\"og:locale\" content=\"es_ES\" \/>\n<meta property=\"og:type\" content=\"article\" \/>\n<meta property=\"og:title\" content=\"APROBACI\u00d3N DEL EXPEDIENTE DE CONTRATACI\u00d3N Y PLIEGOS PARA LA ADJUDICACI\u00d3N DE LOS APROVECHAMIENTOS AP\u00cdCOLAS Y DE PASTOS DE LOS MONTES P\u00daBLICOS DENOMINADOS, LA COMEDIANA, EL CABALL Y EL GARB\u00cd. - Albalat dels Tarongers\" \/>\n<meta property=\"og:description\" content=\"Anuncio del Ayuntamiento de Albalat dels Tarongers sobre aprobaci\u00f3n del [...]\" \/>\n<meta property=\"og:url\" content=\"https:\/\/www.albalatdelstarongers.es\/es\/aprobacion-del-expediente-de-contratacion-y-pliegos-para-la-adjudicacion-de-los-aprovechamientos-apicolas-y-de-pastos-de-los-montes-publicos-denominados-la-comediana-el-caball-y-el-garbi\/\" \/>\n<meta property=\"og:site_name\" content=\"Albalat dels Tarongers\" \/>\n<meta property=\"article:publisher\" content=\"https:\/\/www.facebook.com\/aytoalbalatdelstarongers\/\" \/>\n<meta property=\"article:published_time\" content=\"2024-12-13T08:23:06+00:00\" \/>\n<meta property=\"og:image\" content=\"https:\/\/www.albalatdelstarongers.es\/wp-content\/uploads\/2024\/12\/L17N0090.webp\" \/>\n\t<meta property=\"og:image:width\" content=\"768\" \/>\n\t<meta property=\"og:image:height\" content=\"432\" \/>\n\t<meta property=\"og:image:type\" content=\"image\/webp\" \/>\n<meta name=\"author\" content=\"Sandra\" \/>\n<meta name=\"twitter:card\" content=\"summary_large_image\" \/>\n<meta name=\"twitter:label1\" content=\"Escrito por\" \/>\n\t<meta name=\"twitter:data1\" content=\"Sandra\" \/>\n\t<meta name=\"twitter:label2\" content=\"Tiempo de lectura\" \/>\n\t<meta name=\"twitter:data2\" content=\"1 minuto\" \/>\n<script type=\"application\/ld+json\" class=\"yoast-schema-graph\">{\"@context\":\"https:\/\/schema.org\",\"@graph\":[{\"@type\":\"Article\",\"@id\":\"https:\/\/www.albalatdelstarongers.es\/es\/aprobacion-del-expediente-de-contratacion-y-pliegos-para-la-adjudicacion-de-los-aprovechamientos-apicolas-y-de-pastos-de-los-montes-publicos-denominados-la-comediana-el-caball-y-el-garbi\/#article\",\"isPartOf\":{\"@id\":\"https:\/\/www.albalatdelstarongers.es\/es\/aprobacion-del-expediente-de-contratacion-y-pliegos-para-la-adjudicacion-de-los-aprovechamientos-apicolas-y-de-pastos-de-los-montes-publicos-denominados-la-comediana-el-caball-y-el-garbi\/\"},\"author\":{\"name\":\"Sandra\",\"@id\":\"https:\/\/www.albalatdelstarongers.es\/es\/#\/schema\/person\/aedf0a83549c19bdaea211e35eb23074\"},\"headline\":\"APROBACI\u00d3N DEL EXPEDIENTE DE CONTRATACI\u00d3N Y PLIEGOS PARA LA ADJUDICACI\u00d3N DE LOS APROVECHAMIENTOS AP\u00cdCOLAS Y DE PASTOS DE LOS MONTES P\u00daBLICOS DENOMINADOS, LA COMEDIANA, EL CABALL Y EL GARB\u00cd.\",\"datePublished\":\"2024-12-13T08:23:06+00:00\",\"mainEntityOfPage\":{\"@id\":\"https:\/\/www.albalatdelstarongers.es\/es\/aprobacion-del-expediente-de-contratacion-y-pliegos-para-la-adjudicacion-de-los-aprovechamientos-apicolas-y-de-pastos-de-los-montes-publicos-denominados-la-comediana-el-caball-y-el-garbi\/\"},\"wordCount\":214,\"commentCount\":0,\"publisher\":{\"@id\":\"https:\/\/www.albalatdelstarongers.es\/es\/#organization\"},\"image\":{\"@id\":\"https:\/\/www.albalatdelstarongers.es\/es\/aprobacion-del-expediente-de-contratacion-y-pliegos-para-la-adjudicacion-de-los-aprovechamientos-apicolas-y-de-pastos-de-los-montes-publicos-denominados-la-comediana-el-caball-y-el-garbi\/#primaryimage\"},\"thumbnailUrl\":\"https:\/\/www.albalatdelstarongers.es\/wp-content\/uploads\/2024\/12\/L17N0090.webp\",\"articleSection\":[\"Sin categorizar\"],\"inLanguage\":\"es\",\"potentialAction\":[{\"@type\":\"CommentAction\",\"name\":\"Comment\",\"target\":[\"https:\/\/www.albalatdelstarongers.es\/es\/aprobacion-del-expediente-de-contratacion-y-pliegos-para-la-adjudicacion-de-los-aprovechamientos-apicolas-y-de-pastos-de-los-montes-publicos-denominados-la-comediana-el-caball-y-el-garbi\/#respond\"]}]},{\"@type\":\"WebPage\",\"@id\":\"https:\/\/www.albalatdelstarongers.es\/es\/aprobacion-del-expediente-de-contratacion-y-pliegos-para-la-adjudicacion-de-los-aprovechamientos-apicolas-y-de-pastos-de-los-montes-publicos-denominados-la-comediana-el-caball-y-el-garbi\/\",\"url\":\"https:\/\/www.albalatdelstarongers.es\/es\/aprobacion-del-expediente-de-contratacion-y-pliegos-para-la-adjudicacion-de-los-aprovechamientos-apicolas-y-de-pastos-de-los-montes-publicos-denominados-la-comediana-el-caball-y-el-garbi\/\",\"name\":\"APROBACI\u00d3N DEL EXPEDIENTE DE CONTRATACI\u00d3N Y PLIEGOS PARA LA ADJUDICACI\u00d3N DE LOS APROVECHAMIENTOS AP\u00cdCOLAS Y DE PASTOS DE LOS MONTES P\u00daBLICOS DENOMINADOS, LA COMEDIANA, EL CABALL Y EL GARB\u00cd. - Albalat dels Tarongers\",\"isPartOf\":{\"@id\":\"https:\/\/www.albalatdelstarongers.es\/es\/#website\"},\"primaryImageOfPage\":{\"@id\":\"https:\/\/www.albalatdelstarongers.es\/es\/aprobacion-del-expediente-de-contratacion-y-pliegos-para-la-adjudicacion-de-los-aprovechamientos-apicolas-y-de-pastos-de-los-montes-publicos-denominados-la-comediana-el-caball-y-el-garbi\/#primaryimage\"},\"image\":{\"@id\":\"https:\/\/www.albalatdelstarongers.es\/es\/aprobacion-del-expediente-de-contratacion-y-pliegos-para-la-adjudicacion-de-los-aprovechamientos-apicolas-y-de-pastos-de-los-montes-publicos-denominados-la-comediana-el-caball-y-el-garbi\/#primaryimage\"},\"thumbnailUrl\":\"https:\/\/www.albalatdelstarongers.es\/wp-content\/uploads\/2024\/12\/L17N0090.webp\",\"datePublished\":\"2024-12-13T08:23:06+00:00\",\"breadcrumb\":{\"@id\":\"https:\/\/www.albalatdelstarongers.es\/es\/aprobacion-del-expediente-de-contratacion-y-pliegos-para-la-adjudicacion-de-los-aprovechamientos-apicolas-y-de-pastos-de-los-montes-publicos-denominados-la-comediana-el-caball-y-el-garbi\/#breadcrumb\"},\"inLanguage\":\"es\",\"potentialAction\":[{\"@type\":\"ReadAction\",\"target\":[\"https:\/\/www.albalatdelstarongers.es\/es\/aprobacion-del-expediente-de-contratacion-y-pliegos-para-la-adjudicacion-de-los-aprovechamientos-apicolas-y-de-pastos-de-los-montes-publicos-denominados-la-comediana-el-caball-y-el-garbi\/\"]}]},{\"@type\":\"ImageObject\",\"inLanguage\":\"es\",\"@id\":\"https:\/\/www.albalatdelstarongers.es\/es\/aprobacion-del-expediente-de-contratacion-y-pliegos-para-la-adjudicacion-de-los-aprovechamientos-apicolas-y-de-pastos-de-los-montes-publicos-denominados-la-comediana-el-caball-y-el-garbi\/#primaryimage\",\"url\":\"https:\/\/www.albalatdelstarongers.es\/wp-content\/uploads\/2024\/12\/L17N0090.webp\",\"contentUrl\":\"https:\/\/www.albalatdelstarongers.es\/wp-content\/uploads\/2024\/12\/L17N0090.webp\",\"width\":768,\"height\":432},{\"@type\":\"BreadcrumbList\",\"@id\":\"https:\/\/www.albalatdelstarongers.es\/es\/aprobacion-del-expediente-de-contratacion-y-pliegos-para-la-adjudicacion-de-los-aprovechamientos-apicolas-y-de-pastos-de-los-montes-publicos-denominados-la-comediana-el-caball-y-el-garbi\/#breadcrumb\",\"itemListElement\":[{\"@type\":\"ListItem\",\"position\":1,\"name\":\"Portada\",\"item\":\"https:\/\/www.albalatdelstarongers.es\/es\/\"},{\"@type\":\"ListItem\",\"position\":2,\"name\":\"APROBACI\u00d3N DEL EXPEDIENTE DE CONTRATACI\u00d3N Y PLIEGOS PARA LA ADJUDICACI\u00d3N DE LOS APROVECHAMIENTOS AP\u00cdCOLAS Y DE PASTOS DE LOS MONTES P\u00daBLICOS DENOMINADOS, LA COMEDIANA, EL CABALL Y EL GARB\u00cd.\"}]},{\"@type\":\"WebSite\",\"@id\":\"https:\/\/www.albalatdelstarongers.es\/es\/#website\",\"url\":\"https:\/\/www.albalatdelstarongers.es\/es\/\",\"name\":\"Albalat dels Tarongers\",\"description\":\"\",\"publisher\":{\"@id\":\"https:\/\/www.albalatdelstarongers.es\/es\/#organization\"},\"potentialAction\":[{\"@type\":\"SearchAction\",\"target\":{\"@type\":\"EntryPoint\",\"urlTemplate\":\"https:\/\/www.albalatdelstarongers.es\/es\/?s={search_term_string}\"},\"query-input\":{\"@type\":\"PropertyValueSpecification\",\"valueRequired\":true,\"valueName\":\"search_term_string\"}}],\"inLanguage\":\"es\"},{\"@type\":\"Organization\",\"@id\":\"https:\/\/www.albalatdelstarongers.es\/es\/#organization\",\"name\":\"Ajuntament Albalat dels Tarongers\",\"url\":\"https:\/\/www.albalatdelstarongers.es\/es\/\",\"logo\":{\"@type\":\"ImageObject\",\"inLanguage\":\"es\",\"@id\":\"https:\/\/www.albalatdelstarongers.es\/es\/#\/schema\/logo\/image\/\",\"url\":\"https:\/\/www.albalatdelstarongers.es\/wp-content\/uploads\/2018\/11\/Albalat-dels-Tarongers.png\",\"contentUrl\":\"https:\/\/www.albalatdelstarongers.es\/wp-content\/uploads\/2018\/11\/Albalat-dels-Tarongers.png\",\"width\":469,\"height\":110,\"caption\":\"Ajuntament Albalat dels Tarongers\"},\"image\":{\"@id\":\"https:\/\/www.albalatdelstarongers.es\/es\/#\/schema\/logo\/image\/\"},\"sameAs\":[\"https:\/\/www.facebook.com\/aytoalbalatdelstarongers\/\",\"https:\/\/www.instagram.com\/albalat_dels_tarongers\/\"]},{\"@type\":\"Person\",\"@id\":\"https:\/\/www.albalatdelstarongers.es\/es\/#\/schema\/person\/aedf0a83549c19bdaea211e35eb23074\",\"name\":\"Sandra\",\"image\":{\"@type\":\"ImageObject\",\"inLanguage\":\"es\",\"@id\":\"https:\/\/www.albalatdelstarongers.es\/es\/#\/schema\/person\/image\/\",\"url\":\"https:\/\/secure.gravatar.com\/avatar\/70ff4e8615c85b19441f0c43cf614386562960fcfa397729a499419e72e1b6ff?s=96&d=mm&r=g\",\"contentUrl\":\"https:\/\/secure.gravatar.com\/avatar\/70ff4e8615c85b19441f0c43cf614386562960fcfa397729a499419e72e1b6ff?s=96&d=mm&r=g\",\"caption\":\"Sandra\"}}]}<\/script>\n<!-- \/ Yoast SEO plugin. -->","yoast_head_json":{"title":"APROBACI\u00d3N DEL EXPEDIENTE DE CONTRATACI\u00d3N Y PLIEGOS PARA LA ADJUDICACI\u00d3N DE LOS APROVECHAMIENTOS AP\u00cdCOLAS Y DE PASTOS DE LOS MONTES P\u00daBLICOS DENOMINADOS, LA COMEDIANA, EL CABALL Y EL GARB\u00cd. - Albalat dels Tarongers","robots":{"index":"index","follow":"follow","max-snippet":"max-snippet:-1","max-image-preview":"max-image-preview:large","max-video-preview":"max-video-preview:-1"},"canonical":"https:\/\/www.albalatdelstarongers.es\/es\/aprobacion-del-expediente-de-contratacion-y-pliegos-para-la-adjudicacion-de-los-aprovechamientos-apicolas-y-de-pastos-de-los-montes-publicos-denominados-la-comediana-el-caball-y-el-garbi\/","og_locale":"es_ES","og_type":"article","og_title":"APROBACI\u00d3N DEL EXPEDIENTE DE CONTRATACI\u00d3N Y PLIEGOS PARA LA ADJUDICACI\u00d3N DE LOS APROVECHAMIENTOS AP\u00cdCOLAS Y DE PASTOS DE LOS MONTES P\u00daBLICOS DENOMINADOS, LA COMEDIANA, EL CABALL Y EL GARB\u00cd. - Albalat dels Tarongers","og_description":"Anuncio del Ayuntamiento de Albalat dels Tarongers sobre aprobaci\u00f3n del [...]","og_url":"https:\/\/www.albalatdelstarongers.es\/es\/aprobacion-del-expediente-de-contratacion-y-pliegos-para-la-adjudicacion-de-los-aprovechamientos-apicolas-y-de-pastos-de-los-montes-publicos-denominados-la-comediana-el-caball-y-el-garbi\/","og_site_name":"Albalat dels Tarongers","article_publisher":"https:\/\/www.facebook.com\/aytoalbalatdelstarongers\/","article_published_time":"2024-12-13T08:23:06+00:00","og_image":[{"width":768,"height":432,"url":"https:\/\/www.albalatdelstarongers.es\/wp-content\/uploads\/2024\/12\/L17N0090.webp","type":"image\/webp"}],"author":"Sandra","twitter_card":"summary_large_image","twitter_misc":{"Escrito por":"Sandra","Tiempo de lectura":"1 minuto"},"schema":{"@context":"https:\/\/schema.org","@graph":[{"@type":"Article","@id":"https:\/\/www.albalatdelstarongers.es\/es\/aprobacion-del-expediente-de-contratacion-y-pliegos-para-la-adjudicacion-de-los-aprovechamientos-apicolas-y-de-pastos-de-los-montes-publicos-denominados-la-comediana-el-caball-y-el-garbi\/#article","isPartOf":{"@id":"https:\/\/www.albalatdelstarongers.es\/es\/aprobacion-del-expediente-de-contratacion-y-pliegos-para-la-adjudicacion-de-los-aprovechamientos-apicolas-y-de-pastos-de-los-montes-publicos-denominados-la-comediana-el-caball-y-el-garbi\/"},"author":{"name":"Sandra","@id":"https:\/\/www.albalatdelstarongers.es\/es\/#\/schema\/person\/aedf0a83549c19bdaea211e35eb23074"},"headline":"APROBACI\u00d3N DEL EXPEDIENTE DE CONTRATACI\u00d3N Y PLIEGOS PARA LA ADJUDICACI\u00d3N DE LOS APROVECHAMIENTOS AP\u00cdCOLAS Y DE PASTOS DE LOS MONTES P\u00daBLICOS DENOMINADOS, LA COMEDIANA, EL CABALL Y EL GARB\u00cd.","datePublished":"2024-12-13T08:23:06+00:00","mainEntityOfPage":{"@id":"https:\/\/www.albalatdelstarongers.es\/es\/aprobacion-del-expediente-de-contratacion-y-pliegos-para-la-adjudicacion-de-los-aprovechamientos-apicolas-y-de-pastos-de-los-montes-publicos-denominados-la-comediana-el-caball-y-el-garbi\/"},"wordCount":214,"commentCount":0,"publisher":{"@id":"https:\/\/www.albalatdelstarongers.es\/es\/#organization"},"image":{"@id":"https:\/\/www.albalatdelstarongers.es\/es\/aprobacion-del-expediente-de-contratacion-y-pliegos-para-la-adjudicacion-de-los-aprovechamientos-apicolas-y-de-pastos-de-los-montes-publicos-denominados-la-comediana-el-caball-y-el-garbi\/#primaryimage"},"thumbnailUrl":"https:\/\/www.albalatdelstarongers.es\/wp-content\/uploads\/2024\/12\/L17N0090.webp","articleSection":["Sin categorizar"],"inLanguage":"es","potentialAction":[{"@type":"CommentAction","name":"Comment","target":["https:\/\/www.albalatdelstarongers.es\/es\/aprobacion-del-expediente-de-contratacion-y-pliegos-para-la-adjudicacion-de-los-aprovechamientos-apicolas-y-de-pastos-de-los-montes-publicos-denominados-la-comediana-el-caball-y-el-garbi\/#respond"]}]},{"@type":"WebPage","@id":"https:\/\/www.albalatdelstarongers.es\/es\/aprobacion-del-expediente-de-contratacion-y-pliegos-para-la-adjudicacion-de-los-aprovechamientos-apicolas-y-de-pastos-de-los-montes-publicos-denominados-la-comediana-el-caball-y-el-garbi\/","url":"https:\/\/www.albalatdelstarongers.es\/es\/aprobacion-del-expediente-de-contratacion-y-pliegos-para-la-adjudicacion-de-los-aprovechamientos-apicolas-y-de-pastos-de-los-montes-publicos-denominados-la-comediana-el-caball-y-el-garbi\/","name":"APROBACI\u00d3N DEL EXPEDIENTE DE CONTRATACI\u00d3N Y PLIEGOS PARA LA ADJUDICACI\u00d3N DE LOS APROVECHAMIENTOS AP\u00cdCOLAS Y DE PASTOS DE LOS MONTES P\u00daBLICOS DENOMINADOS, LA COMEDIANA, EL CABALL Y EL GARB\u00cd. - Albalat dels Tarongers","isPartOf":{"@id":"https:\/\/www.albalatdelstarongers.es\/es\/#website"},"primaryImageOfPage":{"@id":"https:\/\/www.albalatdelstarongers.es\/es\/aprobacion-del-expediente-de-contratacion-y-pliegos-para-la-adjudicacion-de-los-aprovechamientos-apicolas-y-de-pastos-de-los-montes-publicos-denominados-la-comediana-el-caball-y-el-garbi\/#primaryimage"},"image":{"@id":"https:\/\/www.albalatdelstarongers.es\/es\/aprobacion-del-expediente-de-contratacion-y-pliegos-para-la-adjudicacion-de-los-aprovechamientos-apicolas-y-de-pastos-de-los-montes-publicos-denominados-la-comediana-el-caball-y-el-garbi\/#primaryimage"},"thumbnailUrl":"https:\/\/www.albalatdelstarongers.es\/wp-content\/uploads\/2024\/12\/L17N0090.webp","datePublished":"2024-12-13T08:23:06+00:00","breadcrumb":{"@id":"https:\/\/www.albalatdelstarongers.es\/es\/aprobacion-del-expediente-de-contratacion-y-pliegos-para-la-adjudicacion-de-los-aprovechamientos-apicolas-y-de-pastos-de-los-montes-publicos-denominados-la-comediana-el-caball-y-el-garbi\/#breadcrumb"},"inLanguage":"es","potentialAction":[{"@type":"ReadAction","target":["https:\/\/www.albalatdelstarongers.es\/es\/aprobacion-del-expediente-de-contratacion-y-pliegos-para-la-adjudicacion-de-los-aprovechamientos-apicolas-y-de-pastos-de-los-montes-publicos-denominados-la-comediana-el-caball-y-el-garbi\/"]}]},{"@type":"ImageObject","inLanguage":"es","@id":"https:\/\/www.albalatdelstarongers.es\/es\/aprobacion-del-expediente-de-contratacion-y-pliegos-para-la-adjudicacion-de-los-aprovechamientos-apicolas-y-de-pastos-de-los-montes-publicos-denominados-la-comediana-el-caball-y-el-garbi\/#primaryimage","url":"https:\/\/www.albalatdelstarongers.es\/wp-content\/uploads\/2024\/12\/L17N0090.webp","contentUrl":"https:\/\/www.albalatdelstarongers.es\/wp-content\/uploads\/2024\/12\/L17N0090.webp","width":768,"height":432},{"@type":"BreadcrumbList","@id":"https:\/\/www.albalatdelstarongers.es\/es\/aprobacion-del-expediente-de-contratacion-y-pliegos-para-la-adjudicacion-de-los-aprovechamientos-apicolas-y-de-pastos-de-los-montes-publicos-denominados-la-comediana-el-caball-y-el-garbi\/#breadcrumb","itemListElement":[{"@type":"ListItem","position":1,"name":"Portada","item":"https:\/\/www.albalatdelstarongers.es\/es\/"},{"@type":"ListItem","position":2,"name":"APROBACI\u00d3N DEL EXPEDIENTE DE CONTRATACI\u00d3N Y PLIEGOS PARA LA ADJUDICACI\u00d3N DE LOS APROVECHAMIENTOS AP\u00cdCOLAS Y DE PASTOS DE LOS MONTES P\u00daBLICOS DENOMINADOS, LA COMEDIANA, EL CABALL Y EL GARB\u00cd."}]},{"@type":"WebSite","@id":"https:\/\/www.albalatdelstarongers.es\/es\/#website","url":"https:\/\/www.albalatdelstarongers.es\/es\/","name":"Albalat dels Tarongers","description":"","publisher":{"@id":"https:\/\/www.albalatdelstarongers.es\/es\/#organization"},"potentialAction":[{"@type":"SearchAction","target":{"@type":"EntryPoint","urlTemplate":"https:\/\/www.albalatdelstarongers.es\/es\/?s={search_term_string}"},"query-input":{"@type":"PropertyValueSpecification","valueRequired":true,"valueName":"search_term_string"}}],"inLanguage":"es"},{"@type":"Organization","@id":"https:\/\/www.albalatdelstarongers.es\/es\/#organization","name":"Ajuntament Albalat dels Tarongers","url":"https:\/\/www.albalatdelstarongers.es\/es\/","logo":{"@type":"ImageObject","inLanguage":"es","@id":"https:\/\/www.albalatdelstarongers.es\/es\/#\/schema\/logo\/image\/","url":"https:\/\/www.albalatdelstarongers.es\/wp-content\/uploads\/2018\/11\/Albalat-dels-Tarongers.png","contentUrl":"https:\/\/www.albalatdelstarongers.es\/wp-content\/uploads\/2018\/11\/Albalat-dels-Tarongers.png","width":469,"height":110,"caption":"Ajuntament Albalat dels Tarongers"},"image":{"@id":"https:\/\/www.albalatdelstarongers.es\/es\/#\/schema\/logo\/image\/"},"sameAs":["https:\/\/www.facebook.com\/aytoalbalatdelstarongers\/","https:\/\/www.instagram.com\/albalat_dels_tarongers\/"]},{"@type":"Person","@id":"https:\/\/www.albalatdelstarongers.es\/es\/#\/schema\/person\/aedf0a83549c19bdaea211e35eb23074","name":"Sandra","image":{"@type":"ImageObject","inLanguage":"es","@id":"https:\/\/www.albalatdelstarongers.es\/es\/#\/schema\/person\/image\/","url":"https:\/\/secure.gravatar.com\/avatar\/70ff4e8615c85b19441f0c43cf614386562960fcfa397729a499419e72e1b6ff?s=96&d=mm&r=g","contentUrl":"https:\/\/secure.gravatar.com\/avatar\/70ff4e8615c85b19441f0c43cf614386562960fcfa397729a499419e72e1b6ff?s=96&d=mm&r=g","caption":"Sandra"}}]}},"_links":{"self":[{"href":"https:\/\/www.albalatdelstarongers.es\/es\/wp-json\/wp\/v2\/posts\/8999","targetHints":{"allow":["GET"]}}],"collection":[{"href":"https:\/\/www.albalatdelstarongers.es\/es\/wp-json\/wp\/v2\/posts"}],"about":[{"href":"https:\/\/www.albalatdelstarongers.es\/es\/wp-json\/wp\/v2\/types\/post"}],"author":[{"embeddable":true,"href":"https:\/\/www.albalatdelstarongers.es\/es\/wp-json\/wp\/v2\/users\/2"}],"replies":[{"embeddable":true,"href":"https:\/\/www.albalatdelstarongers.es\/es\/wp-json\/wp\/v2\/comments?post=8999"}],"version-history":[{"count":1,"href":"https:\/\/www.albalatdelstarongers.es\/es\/wp-json\/wp\/v2\/posts\/8999\/revisions"}],"predecessor-version":[{"id":9000,"href":"https:\/\/www.albalatdelstarongers.es\/es\/wp-json\/wp\/v2\/posts\/8999\/revisions\/9000"}],"wp:featuredmedia":[{"embeddable":true,"href":"https:\/\/www.albalatdelstarongers.es\/es\/wp-json\/wp\/v2\/media\/8996"}],"wp:attachment":[{"href":"https:\/\/www.albalatdelstarongers.es\/es\/wp-json\/wp\/v2\/media?parent=8999"}],"wp:term":[{"taxonomy":"category","embeddable":true,"href":"https:\/\/www.albalatdelstarongers.es\/es\/wp-json\/wp\/v2\/categories?post=8999"},{"taxonomy":"post_tag","embeddable":true,"href":"https:\/\/www.albalatdelstarongers.es\/es\/wp-json\/wp\/v2\/tags?post=8999"}],"curies":[{"name":"wp","href":"https:\/\/api.w.org\/{rel}","templated":true}]}}