{"id":9044,"date":"2024-12-27T10:01:49","date_gmt":"2024-12-27T09:01:49","guid":{"rendered":"https:\/\/www.albalatdelstarongers.es\/?p=9044"},"modified":"2024-12-30T09:57:57","modified_gmt":"2024-12-30T08:57:57","slug":"campana-de-promocion-y-dinamizacion-turistica-impulsem-turisme-2024-2","status":"publish","type":"post","link":"https:\/\/www.albalatdelstarongers.es\/es\/campana-de-promocion-y-dinamizacion-turistica-impulsem-turisme-2024-2\/","title":{"rendered":"Campa\u00f1a de Promoci\u00f3n y dinamizaci\u00f3n tur\u00edstica \u201cImpulsem Turisme 2024\u201d"},"content":{"rendered":"<p>La Diputaci\u00f3 de Val\u00e8ncia dentro de la Campa\u00f1a de Impulsem Turisme L\u00ednea 1-3 otorga al Ayuntamiento de Albalat dels Tarongers una ayuda de 5.084,98 \u20ac para acondicionar la V\u00eda Ferrata el Canal del Garb\u00ed (Ruta de las Cadenas)<\/p>\n<p><img decoding=\"async\" class=\"alignnone wp-image-9039\" src=\"https:\/\/www.albalatdelstarongers.es\/wp-content\/uploads\/2024\/12\/57e69907-1f46-40a3-90eb-f20335649e57-768x1024.jpeg\" alt=\"\" width=\"362\" height=\"483\" srcset=\"https:\/\/www.albalatdelstarongers.es\/wp-content\/uploads\/2024\/12\/57e69907-1f46-40a3-90eb-f20335649e57-200x267.jpeg 200w, https:\/\/www.albalatdelstarongers.es\/wp-content\/uploads\/2024\/12\/57e69907-1f46-40a3-90eb-f20335649e57-225x300.jpeg 225w, https:\/\/www.albalatdelstarongers.es\/wp-content\/uploads\/2024\/12\/57e69907-1f46-40a3-90eb-f20335649e57-375x500.jpeg 375w, https:\/\/www.albalatdelstarongers.es\/wp-content\/uploads\/2024\/12\/57e69907-1f46-40a3-90eb-f20335649e57-400x533.jpeg 400w, https:\/\/www.albalatdelstarongers.es\/wp-content\/uploads\/2024\/12\/57e69907-1f46-40a3-90eb-f20335649e57-600x800.jpeg 600w, https:\/\/www.albalatdelstarongers.es\/wp-content\/uploads\/2024\/12\/57e69907-1f46-40a3-90eb-f20335649e57-768x1024.jpeg 768w, https:\/\/www.albalatdelstarongers.es\/wp-content\/uploads\/2024\/12\/57e69907-1f46-40a3-90eb-f20335649e57-800x1067.jpeg 800w, https:\/\/www.albalatdelstarongers.es\/wp-content\/uploads\/2024\/12\/57e69907-1f46-40a3-90eb-f20335649e57-1152x1536.jpeg 1152w, https:\/\/www.albalatdelstarongers.es\/wp-content\/uploads\/2024\/12\/57e69907-1f46-40a3-90eb-f20335649e57-1200x1600.jpeg 1200w, https:\/\/www.albalatdelstarongers.es\/wp-content\/uploads\/2024\/12\/57e69907-1f46-40a3-90eb-f20335649e57.jpeg 1536w\" sizes=\"(max-width: 362px) 100vw, 362px\" \/>\u00a0 \u00a0 \u00a0 \u00a0 \u00a0 \u00a0 \u00a0 \u00a0<img decoding=\"async\" class=\"alignnone wp-image-9041\" src=\"https:\/\/www.albalatdelstarongers.es\/wp-content\/uploads\/2024\/12\/92eacaab-596c-441b-bfdd-73de9ce6ee69-768x1024.jpeg\" alt=\"\" width=\"362\" height=\"483\" srcset=\"https:\/\/www.albalatdelstarongers.es\/wp-content\/uploads\/2024\/12\/92eacaab-596c-441b-bfdd-73de9ce6ee69-200x267.jpeg 200w, https:\/\/www.albalatdelstarongers.es\/wp-content\/uploads\/2024\/12\/92eacaab-596c-441b-bfdd-73de9ce6ee69-225x300.jpeg 225w, https:\/\/www.albalatdelstarongers.es\/wp-content\/uploads\/2024\/12\/92eacaab-596c-441b-bfdd-73de9ce6ee69-375x500.jpeg 375w, https:\/\/www.albalatdelstarongers.es\/wp-content\/uploads\/2024\/12\/92eacaab-596c-441b-bfdd-73de9ce6ee69-400x533.jpeg 400w, https:\/\/www.albalatdelstarongers.es\/wp-content\/uploads\/2024\/12\/92eacaab-596c-441b-bfdd-73de9ce6ee69-600x800.jpeg 600w, https:\/\/www.albalatdelstarongers.es\/wp-content\/uploads\/2024\/12\/92eacaab-596c-441b-bfdd-73de9ce6ee69-768x1024.jpeg 768w, https:\/\/www.albalatdelstarongers.es\/wp-content\/uploads\/2024\/12\/92eacaab-596c-441b-bfdd-73de9ce6ee69-800x1067.jpeg 800w, https:\/\/www.albalatdelstarongers.es\/wp-content\/uploads\/2024\/12\/92eacaab-596c-441b-bfdd-73de9ce6ee69-1152x1536.jpeg 1152w, https:\/\/www.albalatdelstarongers.es\/wp-content\/uploads\/2024\/12\/92eacaab-596c-441b-bfdd-73de9ce6ee69-1200x1600.jpeg 1200w, https:\/\/www.albalatdelstarongers.es\/wp-content\/uploads\/2024\/12\/92eacaab-596c-441b-bfdd-73de9ce6ee69.jpeg 1536w\" sizes=\"(max-width: 362px) 100vw, 362px\" \/><\/p>\n","protected":false},"excerpt":{"rendered":"<p>La Diputaci\u00f3 de Val\u00e8ncia dentro de la Campa\u00f1a de Impulsem  [&#8230;]<\/p>\n","protected":false},"author":2,"featured_media":9045,"comment_status":"open","ping_status":"open","sticky":false,"template":"","format":"standard","meta":{"_bbp_topic_count":0,"_bbp_reply_count":0,"_bbp_total_topic_count":0,"_bbp_total_reply_count":0,"_bbp_voice_count":0,"_bbp_anonymous_reply_count":0,"_bbp_topic_count_hidden":0,"_bbp_reply_count_hidden":0,"_bbp_forum_subforum_count":0,"footnotes":""},"categories":[55],"tags":[],"class_list":["post-9044","post","type-post","status-publish","format-standard","has-post-thumbnail","hentry","category-noticias-es"],"yoast_head":"<!-- This site is optimized with the Yoast SEO plugin v26.6 - https:\/\/yoast.com\/wordpress\/plugins\/seo\/ -->\n<title>Campa\u00f1a de Promoci\u00f3n y dinamizaci\u00f3n tur\u00edstica \u201cImpulsem Turisme 2024\u201d - Albalat dels Tarongers<\/title>\n<meta name=\"robots\" content=\"index, follow, max-snippet:-1, max-image-preview:large, max-video-preview:-1\" \/>\n<link rel=\"canonical\" href=\"https:\/\/www.albalatdelstarongers.es\/es\/campana-de-promocion-y-dinamizacion-turistica-impulsem-turisme-2024-2\/\" \/>\n<meta property=\"og:locale\" content=\"es_ES\" \/>\n<meta property=\"og:type\" content=\"article\" \/>\n<meta property=\"og:title\" content=\"Campa\u00f1a de Promoci\u00f3n y dinamizaci\u00f3n tur\u00edstica \u201cImpulsem Turisme 2024\u201d - Albalat dels Tarongers\" \/>\n<meta property=\"og:description\" content=\"La Diputaci\u00f3 de Val\u00e8ncia dentro de la Campa\u00f1a de Impulsem [...]\" \/>\n<meta property=\"og:url\" content=\"https:\/\/www.albalatdelstarongers.es\/es\/campana-de-promocion-y-dinamizacion-turistica-impulsem-turisme-2024-2\/\" \/>\n<meta property=\"og:site_name\" content=\"Albalat dels Tarongers\" \/>\n<meta property=\"article:publisher\" content=\"https:\/\/www.facebook.com\/aytoalbalatdelstarongers\/\" \/>\n<meta property=\"article:published_time\" content=\"2024-12-27T09:01:49+00:00\" \/>\n<meta property=\"article:modified_time\" content=\"2024-12-30T08:57:57+00:00\" \/>\n<meta property=\"og:image\" content=\"https:\/\/www.albalatdelstarongers.es\/wp-content\/uploads\/2024\/12\/logo-dipu.png\" \/>\n\t<meta property=\"og:image:width\" content=\"1837\" \/>\n\t<meta property=\"og:image:height\" content=\"375\" \/>\n\t<meta property=\"og:image:type\" content=\"image\/png\" \/>\n<meta name=\"author\" content=\"Sandra\" \/>\n<meta name=\"twitter:card\" content=\"summary_large_image\" \/>\n<meta name=\"twitter:label1\" content=\"Escrito por\" \/>\n\t<meta name=\"twitter:data1\" content=\"Sandra\" \/>\n\t<meta name=\"twitter:label2\" content=\"Tiempo de lectura\" \/>\n\t<meta name=\"twitter:data2\" content=\"1 minuto\" \/>\n<script type=\"application\/ld+json\" class=\"yoast-schema-graph\">{\"@context\":\"https:\/\/schema.org\",\"@graph\":[{\"@type\":\"Article\",\"@id\":\"https:\/\/www.albalatdelstarongers.es\/es\/campana-de-promocion-y-dinamizacion-turistica-impulsem-turisme-2024-2\/#article\",\"isPartOf\":{\"@id\":\"https:\/\/www.albalatdelstarongers.es\/es\/campana-de-promocion-y-dinamizacion-turistica-impulsem-turisme-2024-2\/\"},\"author\":{\"name\":\"Sandra\",\"@id\":\"https:\/\/www.albalatdelstarongers.es\/es\/#\/schema\/person\/aedf0a83549c19bdaea211e35eb23074\"},\"headline\":\"Campa\u00f1a de Promoci\u00f3n y dinamizaci\u00f3n tur\u00edstica \u201cImpulsem Turisme 2024\u201d\",\"datePublished\":\"2024-12-27T09:01:49+00:00\",\"dateModified\":\"2024-12-30T08:57:57+00:00\",\"mainEntityOfPage\":{\"@id\":\"https:\/\/www.albalatdelstarongers.es\/es\/campana-de-promocion-y-dinamizacion-turistica-impulsem-turisme-2024-2\/\"},\"wordCount\":52,\"commentCount\":0,\"publisher\":{\"@id\":\"https:\/\/www.albalatdelstarongers.es\/es\/#organization\"},\"image\":{\"@id\":\"https:\/\/www.albalatdelstarongers.es\/es\/campana-de-promocion-y-dinamizacion-turistica-impulsem-turisme-2024-2\/#primaryimage\"},\"thumbnailUrl\":\"https:\/\/www.albalatdelstarongers.es\/wp-content\/uploads\/2024\/12\/logo-dipu.png\",\"articleSection\":[\"Noticias\"],\"inLanguage\":\"es\",\"potentialAction\":[{\"@type\":\"CommentAction\",\"name\":\"Comment\",\"target\":[\"https:\/\/www.albalatdelstarongers.es\/es\/campana-de-promocion-y-dinamizacion-turistica-impulsem-turisme-2024-2\/#respond\"]}]},{\"@type\":\"WebPage\",\"@id\":\"https:\/\/www.albalatdelstarongers.es\/es\/campana-de-promocion-y-dinamizacion-turistica-impulsem-turisme-2024-2\/\",\"url\":\"https:\/\/www.albalatdelstarongers.es\/es\/campana-de-promocion-y-dinamizacion-turistica-impulsem-turisme-2024-2\/\",\"name\":\"Campa\u00f1a de Promoci\u00f3n y dinamizaci\u00f3n tur\u00edstica \u201cImpulsem Turisme 2024\u201d - Albalat dels Tarongers\",\"isPartOf\":{\"@id\":\"https:\/\/www.albalatdelstarongers.es\/es\/#website\"},\"primaryImageOfPage\":{\"@id\":\"https:\/\/www.albalatdelstarongers.es\/es\/campana-de-promocion-y-dinamizacion-turistica-impulsem-turisme-2024-2\/#primaryimage\"},\"image\":{\"@id\":\"https:\/\/www.albalatdelstarongers.es\/es\/campana-de-promocion-y-dinamizacion-turistica-impulsem-turisme-2024-2\/#primaryimage\"},\"thumbnailUrl\":\"https:\/\/www.albalatdelstarongers.es\/wp-content\/uploads\/2024\/12\/logo-dipu.png\",\"datePublished\":\"2024-12-27T09:01:49+00:00\",\"dateModified\":\"2024-12-30T08:57:57+00:00\",\"breadcrumb\":{\"@id\":\"https:\/\/www.albalatdelstarongers.es\/es\/campana-de-promocion-y-dinamizacion-turistica-impulsem-turisme-2024-2\/#breadcrumb\"},\"inLanguage\":\"es\",\"potentialAction\":[{\"@type\":\"ReadAction\",\"target\":[\"https:\/\/www.albalatdelstarongers.es\/es\/campana-de-promocion-y-dinamizacion-turistica-impulsem-turisme-2024-2\/\"]}]},{\"@type\":\"ImageObject\",\"inLanguage\":\"es\",\"@id\":\"https:\/\/www.albalatdelstarongers.es\/es\/campana-de-promocion-y-dinamizacion-turistica-impulsem-turisme-2024-2\/#primaryimage\",\"url\":\"https:\/\/www.albalatdelstarongers.es\/wp-content\/uploads\/2024\/12\/logo-dipu.png\",\"contentUrl\":\"https:\/\/www.albalatdelstarongers.es\/wp-content\/uploads\/2024\/12\/logo-dipu.png\",\"width\":1837,\"height\":375},{\"@type\":\"BreadcrumbList\",\"@id\":\"https:\/\/www.albalatdelstarongers.es\/es\/campana-de-promocion-y-dinamizacion-turistica-impulsem-turisme-2024-2\/#breadcrumb\",\"itemListElement\":[{\"@type\":\"ListItem\",\"position\":1,\"name\":\"Portada\",\"item\":\"https:\/\/www.albalatdelstarongers.es\/es\/\"},{\"@type\":\"ListItem\",\"position\":2,\"name\":\"Campa\u00f1a de Promoci\u00f3n y dinamizaci\u00f3n tur\u00edstica \u201cImpulsem Turisme 2024\u201d\"}]},{\"@type\":\"WebSite\",\"@id\":\"https:\/\/www.albalatdelstarongers.es\/es\/#website\",\"url\":\"https:\/\/www.albalatdelstarongers.es\/es\/\",\"name\":\"Albalat dels Tarongers\",\"description\":\"\",\"publisher\":{\"@id\":\"https:\/\/www.albalatdelstarongers.es\/es\/#organization\"},\"potentialAction\":[{\"@type\":\"SearchAction\",\"target\":{\"@type\":\"EntryPoint\",\"urlTemplate\":\"https:\/\/www.albalatdelstarongers.es\/es\/?s={search_term_string}\"},\"query-input\":{\"@type\":\"PropertyValueSpecification\",\"valueRequired\":true,\"valueName\":\"search_term_string\"}}],\"inLanguage\":\"es\"},{\"@type\":\"Organization\",\"@id\":\"https:\/\/www.albalatdelstarongers.es\/es\/#organization\",\"name\":\"Ajuntament Albalat dels Tarongers\",\"url\":\"https:\/\/www.albalatdelstarongers.es\/es\/\",\"logo\":{\"@type\":\"ImageObject\",\"inLanguage\":\"es\",\"@id\":\"https:\/\/www.albalatdelstarongers.es\/es\/#\/schema\/logo\/image\/\",\"url\":\"https:\/\/www.albalatdelstarongers.es\/wp-content\/uploads\/2018\/11\/Albalat-dels-Tarongers.png\",\"contentUrl\":\"https:\/\/www.albalatdelstarongers.es\/wp-content\/uploads\/2018\/11\/Albalat-dels-Tarongers.png\",\"width\":469,\"height\":110,\"caption\":\"Ajuntament Albalat dels Tarongers\"},\"image\":{\"@id\":\"https:\/\/www.albalatdelstarongers.es\/es\/#\/schema\/logo\/image\/\"},\"sameAs\":[\"https:\/\/www.facebook.com\/aytoalbalatdelstarongers\/\",\"https:\/\/www.instagram.com\/albalat_dels_tarongers\/\"]},{\"@type\":\"Person\",\"@id\":\"https:\/\/www.albalatdelstarongers.es\/es\/#\/schema\/person\/aedf0a83549c19bdaea211e35eb23074\",\"name\":\"Sandra\",\"image\":{\"@type\":\"ImageObject\",\"inLanguage\":\"es\",\"@id\":\"https:\/\/www.albalatdelstarongers.es\/es\/#\/schema\/person\/image\/\",\"url\":\"https:\/\/secure.gravatar.com\/avatar\/70ff4e8615c85b19441f0c43cf614386562960fcfa397729a499419e72e1b6ff?s=96&d=mm&r=g\",\"contentUrl\":\"https:\/\/secure.gravatar.com\/avatar\/70ff4e8615c85b19441f0c43cf614386562960fcfa397729a499419e72e1b6ff?s=96&d=mm&r=g\",\"caption\":\"Sandra\"}}]}<\/script>\n<!-- \/ Yoast SEO plugin. -->","yoast_head_json":{"title":"Campa\u00f1a de Promoci\u00f3n y dinamizaci\u00f3n tur\u00edstica \u201cImpulsem Turisme 2024\u201d - Albalat dels Tarongers","robots":{"index":"index","follow":"follow","max-snippet":"max-snippet:-1","max-image-preview":"max-image-preview:large","max-video-preview":"max-video-preview:-1"},"canonical":"https:\/\/www.albalatdelstarongers.es\/es\/campana-de-promocion-y-dinamizacion-turistica-impulsem-turisme-2024-2\/","og_locale":"es_ES","og_type":"article","og_title":"Campa\u00f1a de Promoci\u00f3n y dinamizaci\u00f3n tur\u00edstica \u201cImpulsem Turisme 2024\u201d - Albalat dels Tarongers","og_description":"La Diputaci\u00f3 de Val\u00e8ncia dentro de la Campa\u00f1a de Impulsem [...]","og_url":"https:\/\/www.albalatdelstarongers.es\/es\/campana-de-promocion-y-dinamizacion-turistica-impulsem-turisme-2024-2\/","og_site_name":"Albalat dels Tarongers","article_publisher":"https:\/\/www.facebook.com\/aytoalbalatdelstarongers\/","article_published_time":"2024-12-27T09:01:49+00:00","article_modified_time":"2024-12-30T08:57:57+00:00","og_image":[{"width":1837,"height":375,"url":"https:\/\/www.albalatdelstarongers.es\/wp-content\/uploads\/2024\/12\/logo-dipu.png","type":"image\/png"}],"author":"Sandra","twitter_card":"summary_large_image","twitter_misc":{"Escrito por":"Sandra","Tiempo de lectura":"1 minuto"},"schema":{"@context":"https:\/\/schema.org","@graph":[{"@type":"Article","@id":"https:\/\/www.albalatdelstarongers.es\/es\/campana-de-promocion-y-dinamizacion-turistica-impulsem-turisme-2024-2\/#article","isPartOf":{"@id":"https:\/\/www.albalatdelstarongers.es\/es\/campana-de-promocion-y-dinamizacion-turistica-impulsem-turisme-2024-2\/"},"author":{"name":"Sandra","@id":"https:\/\/www.albalatdelstarongers.es\/es\/#\/schema\/person\/aedf0a83549c19bdaea211e35eb23074"},"headline":"Campa\u00f1a de Promoci\u00f3n y dinamizaci\u00f3n tur\u00edstica \u201cImpulsem Turisme 2024\u201d","datePublished":"2024-12-27T09:01:49+00:00","dateModified":"2024-12-30T08:57:57+00:00","mainEntityOfPage":{"@id":"https:\/\/www.albalatdelstarongers.es\/es\/campana-de-promocion-y-dinamizacion-turistica-impulsem-turisme-2024-2\/"},"wordCount":52,"commentCount":0,"publisher":{"@id":"https:\/\/www.albalatdelstarongers.es\/es\/#organization"},"image":{"@id":"https:\/\/www.albalatdelstarongers.es\/es\/campana-de-promocion-y-dinamizacion-turistica-impulsem-turisme-2024-2\/#primaryimage"},"thumbnailUrl":"https:\/\/www.albalatdelstarongers.es\/wp-content\/uploads\/2024\/12\/logo-dipu.png","articleSection":["Noticias"],"inLanguage":"es","potentialAction":[{"@type":"CommentAction","name":"Comment","target":["https:\/\/www.albalatdelstarongers.es\/es\/campana-de-promocion-y-dinamizacion-turistica-impulsem-turisme-2024-2\/#respond"]}]},{"@type":"WebPage","@id":"https:\/\/www.albalatdelstarongers.es\/es\/campana-de-promocion-y-dinamizacion-turistica-impulsem-turisme-2024-2\/","url":"https:\/\/www.albalatdelstarongers.es\/es\/campana-de-promocion-y-dinamizacion-turistica-impulsem-turisme-2024-2\/","name":"Campa\u00f1a de Promoci\u00f3n y dinamizaci\u00f3n tur\u00edstica \u201cImpulsem Turisme 2024\u201d - Albalat dels Tarongers","isPartOf":{"@id":"https:\/\/www.albalatdelstarongers.es\/es\/#website"},"primaryImageOfPage":{"@id":"https:\/\/www.albalatdelstarongers.es\/es\/campana-de-promocion-y-dinamizacion-turistica-impulsem-turisme-2024-2\/#primaryimage"},"image":{"@id":"https:\/\/www.albalatdelstarongers.es\/es\/campana-de-promocion-y-dinamizacion-turistica-impulsem-turisme-2024-2\/#primaryimage"},"thumbnailUrl":"https:\/\/www.albalatdelstarongers.es\/wp-content\/uploads\/2024\/12\/logo-dipu.png","datePublished":"2024-12-27T09:01:49+00:00","dateModified":"2024-12-30T08:57:57+00:00","breadcrumb":{"@id":"https:\/\/www.albalatdelstarongers.es\/es\/campana-de-promocion-y-dinamizacion-turistica-impulsem-turisme-2024-2\/#breadcrumb"},"inLanguage":"es","potentialAction":[{"@type":"ReadAction","target":["https:\/\/www.albalatdelstarongers.es\/es\/campana-de-promocion-y-dinamizacion-turistica-impulsem-turisme-2024-2\/"]}]},{"@type":"ImageObject","inLanguage":"es","@id":"https:\/\/www.albalatdelstarongers.es\/es\/campana-de-promocion-y-dinamizacion-turistica-impulsem-turisme-2024-2\/#primaryimage","url":"https:\/\/www.albalatdelstarongers.es\/wp-content\/uploads\/2024\/12\/logo-dipu.png","contentUrl":"https:\/\/www.albalatdelstarongers.es\/wp-content\/uploads\/2024\/12\/logo-dipu.png","width":1837,"height":375},{"@type":"BreadcrumbList","@id":"https:\/\/www.albalatdelstarongers.es\/es\/campana-de-promocion-y-dinamizacion-turistica-impulsem-turisme-2024-2\/#breadcrumb","itemListElement":[{"@type":"ListItem","position":1,"name":"Portada","item":"https:\/\/www.albalatdelstarongers.es\/es\/"},{"@type":"ListItem","position":2,"name":"Campa\u00f1a de Promoci\u00f3n y dinamizaci\u00f3n tur\u00edstica \u201cImpulsem Turisme 2024\u201d"}]},{"@type":"WebSite","@id":"https:\/\/www.albalatdelstarongers.es\/es\/#website","url":"https:\/\/www.albalatdelstarongers.es\/es\/","name":"Albalat dels Tarongers","description":"","publisher":{"@id":"https:\/\/www.albalatdelstarongers.es\/es\/#organization"},"potentialAction":[{"@type":"SearchAction","target":{"@type":"EntryPoint","urlTemplate":"https:\/\/www.albalatdelstarongers.es\/es\/?s={search_term_string}"},"query-input":{"@type":"PropertyValueSpecification","valueRequired":true,"valueName":"search_term_string"}}],"inLanguage":"es"},{"@type":"Organization","@id":"https:\/\/www.albalatdelstarongers.es\/es\/#organization","name":"Ajuntament Albalat dels Tarongers","url":"https:\/\/www.albalatdelstarongers.es\/es\/","logo":{"@type":"ImageObject","inLanguage":"es","@id":"https:\/\/www.albalatdelstarongers.es\/es\/#\/schema\/logo\/image\/","url":"https:\/\/www.albalatdelstarongers.es\/wp-content\/uploads\/2018\/11\/Albalat-dels-Tarongers.png","contentUrl":"https:\/\/www.albalatdelstarongers.es\/wp-content\/uploads\/2018\/11\/Albalat-dels-Tarongers.png","width":469,"height":110,"caption":"Ajuntament Albalat dels Tarongers"},"image":{"@id":"https:\/\/www.albalatdelstarongers.es\/es\/#\/schema\/logo\/image\/"},"sameAs":["https:\/\/www.facebook.com\/aytoalbalatdelstarongers\/","https:\/\/www.instagram.com\/albalat_dels_tarongers\/"]},{"@type":"Person","@id":"https:\/\/www.albalatdelstarongers.es\/es\/#\/schema\/person\/aedf0a83549c19bdaea211e35eb23074","name":"Sandra","image":{"@type":"ImageObject","inLanguage":"es","@id":"https:\/\/www.albalatdelstarongers.es\/es\/#\/schema\/person\/image\/","url":"https:\/\/secure.gravatar.com\/avatar\/70ff4e8615c85b19441f0c43cf614386562960fcfa397729a499419e72e1b6ff?s=96&d=mm&r=g","contentUrl":"https:\/\/secure.gravatar.com\/avatar\/70ff4e8615c85b19441f0c43cf614386562960fcfa397729a499419e72e1b6ff?s=96&d=mm&r=g","caption":"Sandra"}}]}},"_links":{"self":[{"href":"https:\/\/www.albalatdelstarongers.es\/es\/wp-json\/wp\/v2\/posts\/9044","targetHints":{"allow":["GET"]}}],"collection":[{"href":"https:\/\/www.albalatdelstarongers.es\/es\/wp-json\/wp\/v2\/posts"}],"about":[{"href":"https:\/\/www.albalatdelstarongers.es\/es\/wp-json\/wp\/v2\/types\/post"}],"author":[{"embeddable":true,"href":"https:\/\/www.albalatdelstarongers.es\/es\/wp-json\/wp\/v2\/users\/2"}],"replies":[{"embeddable":true,"href":"https:\/\/www.albalatdelstarongers.es\/es\/wp-json\/wp\/v2\/comments?post=9044"}],"version-history":[{"count":3,"href":"https:\/\/www.albalatdelstarongers.es\/es\/wp-json\/wp\/v2\/posts\/9044\/revisions"}],"predecessor-version":[{"id":9056,"href":"https:\/\/www.albalatdelstarongers.es\/es\/wp-json\/wp\/v2\/posts\/9044\/revisions\/9056"}],"wp:featuredmedia":[{"embeddable":true,"href":"https:\/\/www.albalatdelstarongers.es\/es\/wp-json\/wp\/v2\/media\/9045"}],"wp:attachment":[{"href":"https:\/\/www.albalatdelstarongers.es\/es\/wp-json\/wp\/v2\/media?parent=9044"}],"wp:term":[{"taxonomy":"category","embeddable":true,"href":"https:\/\/www.albalatdelstarongers.es\/es\/wp-json\/wp\/v2\/categories?post=9044"},{"taxonomy":"post_tag","embeddable":true,"href":"https:\/\/www.albalatdelstarongers.es\/es\/wp-json\/wp\/v2\/tags?post=9044"}],"curies":[{"name":"wp","href":"https:\/\/api.w.org\/{rel}","templated":true}]}}