{"id":9870,"date":"2026-04-17T09:23:29","date_gmt":"2026-04-17T07:23:29","guid":{"rendered":"https:\/\/www.albalatdelstarongers.es\/?p=9870"},"modified":"2026-04-20T08:35:48","modified_gmt":"2026-04-20T06:35:48","slug":"taller-plantas-medicinales-de-la-serra-calderona","status":"publish","type":"post","link":"https:\/\/www.albalatdelstarongers.es\/es\/taller-plantas-medicinales-de-la-serra-calderona\/","title":{"rendered":"Taller plantas medicinales de la \u00abSerra Calderona\u00bb"},"content":{"rendered":"<p><img decoding=\"async\" class=\"alignnone size-medium wp-image-9875\" src=\"https:\/\/www.albalatdelstarongers.es\/wp-content\/uploads\/2026\/04\/Cartel-PMed-Albalat-2026-300x300.png\" alt=\"\" width=\"300\" height=\"300\" srcset=\"https:\/\/www.albalatdelstarongers.es\/wp-content\/uploads\/2026\/04\/Cartel-PMed-Albalat-2026-66x66.png 66w, https:\/\/www.albalatdelstarongers.es\/wp-content\/uploads\/2026\/04\/Cartel-PMed-Albalat-2026-150x150.png 150w, https:\/\/www.albalatdelstarongers.es\/wp-content\/uploads\/2026\/04\/Cartel-PMed-Albalat-2026-200x200.png 200w, https:\/\/www.albalatdelstarongers.es\/wp-content\/uploads\/2026\/04\/Cartel-PMed-Albalat-2026-300x300.png 300w, https:\/\/www.albalatdelstarongers.es\/wp-content\/uploads\/2026\/04\/Cartel-PMed-Albalat-2026-400x400.png 400w, https:\/\/www.albalatdelstarongers.es\/wp-content\/uploads\/2026\/04\/Cartel-PMed-Albalat-2026-500x500.png 500w, https:\/\/www.albalatdelstarongers.es\/wp-content\/uploads\/2026\/04\/Cartel-PMed-Albalat-2026-600x600.png 600w, https:\/\/www.albalatdelstarongers.es\/wp-content\/uploads\/2026\/04\/Cartel-PMed-Albalat-2026-768x768.png 768w, https:\/\/www.albalatdelstarongers.es\/wp-content\/uploads\/2026\/04\/Cartel-PMed-Albalat-2026.png 800w\" sizes=\"(max-width: 300px) 100vw, 300px\" \/><\/p>\n<p><strong>Itinerario-Taller bot\u00e1nico: Plantas medicinales de la Sierra Calderona (Albalat dels Tarongers)<br \/>\n<\/strong><br \/>\nLos usos de las plantas son muy variados. El principal ser\u00eda el alimentario pero hay otros muchos como el uso ornamental, el uso medicinal, el uso industrial, el uso como condimentos, para uso artesano, etc.<\/p>\n<p>El uso de las plantas como medicinales, el uso de remedios de origen vegetal, se remonta a la\u00a0prehistoria, y est\u00e1 tan extendido que todas las\u00a0culturas\u00a0conocidas tienen evidencias del uso medicinal de algunas plantas.<\/p>\n<p>Una nueva edici\u00f3n del Itinerario-Taller de Plantas medicinales de la Calderona nos acerca, en esta ocasi\u00f3n, a Albalat dels Tarongers.<\/p>\n<p>La actividad consistir\u00e1 en un itinerario por el r\u00edo Palancia a su paso por la localidad para ver las plantas medicinales asociadas a los cursos de agua estacionales, la vegetaci\u00f3n ruderal y arvense.<\/p>\n<p><strong>Datos de la actividad:<\/strong><\/p>\n<ul>\n<li><strong>D\u00eda:<\/strong> S\u00e1bado 16 de mayo de 2026.<\/li>\n<li><strong>Hora:<\/strong> 10:00 h verificaci\u00f3n inscripci\u00f3n y salida.<\/li>\n<li><strong>Lugar:<\/strong> Plaza de la Pur\u00edsima Concepci\u00f3n de Albalat dels Tarongers.<\/li>\n<\/ul>\n<p><a href=\"https:\/\/maps.app.goo.gl\/T9nEddPB1Um5Mn4x7\">https:\/\/maps.app.goo.gl\/T9nEddPB1Um5Mn4x7<\/a><\/p>\n<ul>\n<li><strong>Distancia total:<\/strong> 3,5 Km. El recorrido es circular y el trazado de la marcha se realiza en gran parte por caminos agr\u00edcolas.<\/li>\n<\/ul>\n<p><strong>Inscripci\u00f3n:\u00a0<\/strong><\/p>\n<ul>\n<li>Actividad gratuita. Plazas limitadas. Inscripci\u00f3n previa necesaria.<\/li>\n<\/ul>\n<ul>\n<li>La inscripci\u00f3n se debe\u00a0realizar a trav\u00e9s del correo\u00a0<a href=\"mailto:infocalderona@gva.es\">infocalderona@gva.es<\/a><\/li>\n<\/ul>\n<ul>\n<li>Informaci\u00f3n:\u202fpuede llamar al96\u202f 318\u00a098\u202f 65\u00a0\/ 679 195 238\u00a0o escribir al <strong>correo<\/strong><strong>\u202f<\/strong><a href=\"mailto:infocalderona@gva.es\"><strong>infocalderona<\/strong>@gva.es<\/a><\/li>\n<\/ul>\n<ul>\n<li>Recomendaciones: Calzado y ropa adecuado.\u00a0Llevar agua, almuerzo y protecci\u00f3n para el sol.\u00a0Actividad apta para ni\u00f1os mayores de 6 a\u00f1os.<\/li>\n<li>La actividad comenzar\u00e1 con puntualidad. Se recuerda a los asistentes que es necesario acudir con suficiente antelaci\u00f3n para evitar imprevistos.<\/li>\n<\/ul>\n<ul>\n<li>El equipo de educadores se reserva el derecho a modificar puntualmente las actividades programadas en el momento de su celebraci\u00f3n.<\/li>\n<\/ul>\n<p>&nbsp;<\/p>\n<p><u>\u00abRecomendamos la suscripci\u00f3n al listado de distribuci\u00f3n de las noticias de nuestra web<\/u>. Es la manera m\u00e1s r\u00e1pida de informarse de las actividades del Parque Natural por medio de un correo-e autom\u00e1tico en el momento de la publicaci\u00f3n\u00bb<\/p>\n<p>&nbsp;<\/p>\n<p><a href=\"https:\/\/parquesnaturales.gva.es\/es\/web\/pn-serra-calderona\/suscripcion\">https:\/\/parquesnaturales.gva.es\/es\/web\/pn-serra-calderona\/suscripcion<\/a><\/p>\n","protected":false},"excerpt":{"rendered":"<p>Itinerario-Taller bot\u00e1nico: Plantas medicinales de la Sierra Calderona (Albalat dels  [&#8230;]<\/p>\n","protected":false},"author":335,"featured_media":9875,"comment_status":"open","ping_status":"open","sticky":false,"template":"","format":"standard","meta":{"_bbp_topic_count":0,"_bbp_reply_count":0,"_bbp_total_topic_count":0,"_bbp_total_reply_count":0,"_bbp_voice_count":0,"_bbp_anonymous_reply_count":0,"_bbp_topic_count_hidden":0,"_bbp_reply_count_hidden":0,"_bbp_forum_subforum_count":0,"footnotes":""},"categories":[55],"tags":[],"class_list":["post-9870","post","type-post","status-publish","format-standard","has-post-thumbnail","hentry","category-noticias-es"],"yoast_head":"<!-- This site is optimized with the Yoast SEO plugin v26.6 - https:\/\/yoast.com\/wordpress\/plugins\/seo\/ -->\n<title>Taller plantas medicinales de la &quot;Serra Calderona&quot; - Albalat dels Tarongers<\/title>\n<meta name=\"robots\" content=\"index, follow, max-snippet:-1, max-image-preview:large, max-video-preview:-1\" \/>\n<link rel=\"canonical\" href=\"https:\/\/www.albalatdelstarongers.es\/es\/taller-plantas-medicinales-de-la-serra-calderona\/\" \/>\n<meta property=\"og:locale\" content=\"es_ES\" \/>\n<meta property=\"og:type\" content=\"article\" \/>\n<meta property=\"og:title\" content=\"Taller plantas medicinales de la &quot;Serra Calderona&quot; - Albalat dels Tarongers\" \/>\n<meta property=\"og:description\" content=\"Itinerario-Taller bot\u00e1nico: Plantas medicinales de la Sierra Calderona (Albalat dels [...]\" \/>\n<meta property=\"og:url\" content=\"https:\/\/www.albalatdelstarongers.es\/es\/taller-plantas-medicinales-de-la-serra-calderona\/\" \/>\n<meta property=\"og:site_name\" content=\"Albalat dels Tarongers\" \/>\n<meta property=\"article:publisher\" content=\"https:\/\/www.facebook.com\/aytoalbalatdelstarongers\/\" \/>\n<meta property=\"article:published_time\" content=\"2026-04-17T07:23:29+00:00\" \/>\n<meta property=\"article:modified_time\" content=\"2026-04-20T06:35:48+00:00\" \/>\n<meta property=\"og:image\" content=\"https:\/\/www.albalatdelstarongers.es\/wp-content\/uploads\/2026\/04\/Cartel-PMed-Albalat-2026.png\" \/>\n\t<meta property=\"og:image:width\" content=\"800\" \/>\n\t<meta property=\"og:image:height\" content=\"800\" \/>\n\t<meta property=\"og:image:type\" content=\"image\/png\" \/>\n<meta name=\"author\" content=\"Albalat\" \/>\n<meta name=\"twitter:card\" content=\"summary_large_image\" \/>\n<meta name=\"twitter:label1\" content=\"Escrito por\" \/>\n\t<meta name=\"twitter:data1\" content=\"Albalat\" \/>\n\t<meta name=\"twitter:label2\" content=\"Tiempo de lectura\" \/>\n\t<meta name=\"twitter:data2\" content=\"3 minutos\" \/>\n<script type=\"application\/ld+json\" class=\"yoast-schema-graph\">{\"@context\":\"https:\/\/schema.org\",\"@graph\":[{\"@type\":\"Article\",\"@id\":\"https:\/\/www.albalatdelstarongers.es\/es\/taller-plantas-medicinales-de-la-serra-calderona\/#article\",\"isPartOf\":{\"@id\":\"https:\/\/www.albalatdelstarongers.es\/es\/taller-plantas-medicinales-de-la-serra-calderona\/\"},\"author\":{\"name\":\"Albalat\",\"@id\":\"https:\/\/www.albalatdelstarongers.es\/es\/#\/schema\/person\/75661cd39306eb36216c7157e2ca83ef\"},\"headline\":\"Taller plantas medicinales de la \u00abSerra Calderona\u00bb\",\"datePublished\":\"2026-04-17T07:23:29+00:00\",\"dateModified\":\"2026-04-20T06:35:48+00:00\",\"mainEntityOfPage\":{\"@id\":\"https:\/\/www.albalatdelstarongers.es\/es\/taller-plantas-medicinales-de-la-serra-calderona\/\"},\"wordCount\":366,\"commentCount\":0,\"publisher\":{\"@id\":\"https:\/\/www.albalatdelstarongers.es\/es\/#organization\"},\"image\":{\"@id\":\"https:\/\/www.albalatdelstarongers.es\/es\/taller-plantas-medicinales-de-la-serra-calderona\/#primaryimage\"},\"thumbnailUrl\":\"https:\/\/www.albalatdelstarongers.es\/wp-content\/uploads\/2026\/04\/Cartel-PMed-Albalat-2026.png\",\"articleSection\":[\"Noticias\"],\"inLanguage\":\"es\",\"potentialAction\":[{\"@type\":\"CommentAction\",\"name\":\"Comment\",\"target\":[\"https:\/\/www.albalatdelstarongers.es\/es\/taller-plantas-medicinales-de-la-serra-calderona\/#respond\"]}]},{\"@type\":\"WebPage\",\"@id\":\"https:\/\/www.albalatdelstarongers.es\/es\/taller-plantas-medicinales-de-la-serra-calderona\/\",\"url\":\"https:\/\/www.albalatdelstarongers.es\/es\/taller-plantas-medicinales-de-la-serra-calderona\/\",\"name\":\"Taller plantas medicinales de la \\\"Serra Calderona\\\" - Albalat dels Tarongers\",\"isPartOf\":{\"@id\":\"https:\/\/www.albalatdelstarongers.es\/es\/#website\"},\"primaryImageOfPage\":{\"@id\":\"https:\/\/www.albalatdelstarongers.es\/es\/taller-plantas-medicinales-de-la-serra-calderona\/#primaryimage\"},\"image\":{\"@id\":\"https:\/\/www.albalatdelstarongers.es\/es\/taller-plantas-medicinales-de-la-serra-calderona\/#primaryimage\"},\"thumbnailUrl\":\"https:\/\/www.albalatdelstarongers.es\/wp-content\/uploads\/2026\/04\/Cartel-PMed-Albalat-2026.png\",\"datePublished\":\"2026-04-17T07:23:29+00:00\",\"dateModified\":\"2026-04-20T06:35:48+00:00\",\"breadcrumb\":{\"@id\":\"https:\/\/www.albalatdelstarongers.es\/es\/taller-plantas-medicinales-de-la-serra-calderona\/#breadcrumb\"},\"inLanguage\":\"es\",\"potentialAction\":[{\"@type\":\"ReadAction\",\"target\":[\"https:\/\/www.albalatdelstarongers.es\/es\/taller-plantas-medicinales-de-la-serra-calderona\/\"]}]},{\"@type\":\"ImageObject\",\"inLanguage\":\"es\",\"@id\":\"https:\/\/www.albalatdelstarongers.es\/es\/taller-plantas-medicinales-de-la-serra-calderona\/#primaryimage\",\"url\":\"https:\/\/www.albalatdelstarongers.es\/wp-content\/uploads\/2026\/04\/Cartel-PMed-Albalat-2026.png\",\"contentUrl\":\"https:\/\/www.albalatdelstarongers.es\/wp-content\/uploads\/2026\/04\/Cartel-PMed-Albalat-2026.png\",\"width\":800,\"height\":800},{\"@type\":\"BreadcrumbList\",\"@id\":\"https:\/\/www.albalatdelstarongers.es\/es\/taller-plantas-medicinales-de-la-serra-calderona\/#breadcrumb\",\"itemListElement\":[{\"@type\":\"ListItem\",\"position\":1,\"name\":\"Portada\",\"item\":\"https:\/\/www.albalatdelstarongers.es\/es\/\"},{\"@type\":\"ListItem\",\"position\":2,\"name\":\"Taller plantas medicinales de la &#8220;Serra Calderona&#8221;\"}]},{\"@type\":\"WebSite\",\"@id\":\"https:\/\/www.albalatdelstarongers.es\/es\/#website\",\"url\":\"https:\/\/www.albalatdelstarongers.es\/es\/\",\"name\":\"Albalat dels Tarongers\",\"description\":\"\",\"publisher\":{\"@id\":\"https:\/\/www.albalatdelstarongers.es\/es\/#organization\"},\"potentialAction\":[{\"@type\":\"SearchAction\",\"target\":{\"@type\":\"EntryPoint\",\"urlTemplate\":\"https:\/\/www.albalatdelstarongers.es\/es\/?s={search_term_string}\"},\"query-input\":{\"@type\":\"PropertyValueSpecification\",\"valueRequired\":true,\"valueName\":\"search_term_string\"}}],\"inLanguage\":\"es\"},{\"@type\":\"Organization\",\"@id\":\"https:\/\/www.albalatdelstarongers.es\/es\/#organization\",\"name\":\"Ajuntament Albalat dels Tarongers\",\"url\":\"https:\/\/www.albalatdelstarongers.es\/es\/\",\"logo\":{\"@type\":\"ImageObject\",\"inLanguage\":\"es\",\"@id\":\"https:\/\/www.albalatdelstarongers.es\/es\/#\/schema\/logo\/image\/\",\"url\":\"https:\/\/www.albalatdelstarongers.es\/wp-content\/uploads\/2018\/11\/Albalat-dels-Tarongers.png\",\"contentUrl\":\"https:\/\/www.albalatdelstarongers.es\/wp-content\/uploads\/2018\/11\/Albalat-dels-Tarongers.png\",\"width\":469,\"height\":110,\"caption\":\"Ajuntament Albalat dels Tarongers\"},\"image\":{\"@id\":\"https:\/\/www.albalatdelstarongers.es\/es\/#\/schema\/logo\/image\/\"},\"sameAs\":[\"https:\/\/www.facebook.com\/aytoalbalatdelstarongers\/\",\"https:\/\/www.instagram.com\/albalat_dels_tarongers\/\"]},{\"@type\":\"Person\",\"@id\":\"https:\/\/www.albalatdelstarongers.es\/es\/#\/schema\/person\/75661cd39306eb36216c7157e2ca83ef\",\"name\":\"Albalat\",\"image\":{\"@type\":\"ImageObject\",\"inLanguage\":\"es\",\"@id\":\"https:\/\/www.albalatdelstarongers.es\/es\/#\/schema\/person\/image\/\",\"url\":\"https:\/\/secure.gravatar.com\/avatar\/3405bbf5dcb6eddfb1330fe6c906ddc2b6cbcca10fdc0d1cb29a6f46276817e0?s=96&d=mm&r=g\",\"contentUrl\":\"https:\/\/secure.gravatar.com\/avatar\/3405bbf5dcb6eddfb1330fe6c906ddc2b6cbcca10fdc0d1cb29a6f46276817e0?s=96&d=mm&r=g\",\"caption\":\"Albalat\"}}]}<\/script>\n<!-- \/ Yoast SEO plugin. -->","yoast_head_json":{"title":"Taller plantas medicinales de la \"Serra Calderona\" - Albalat dels Tarongers","robots":{"index":"index","follow":"follow","max-snippet":"max-snippet:-1","max-image-preview":"max-image-preview:large","max-video-preview":"max-video-preview:-1"},"canonical":"https:\/\/www.albalatdelstarongers.es\/es\/taller-plantas-medicinales-de-la-serra-calderona\/","og_locale":"es_ES","og_type":"article","og_title":"Taller plantas medicinales de la \"Serra Calderona\" - Albalat dels Tarongers","og_description":"Itinerario-Taller bot\u00e1nico: Plantas medicinales de la Sierra Calderona (Albalat dels [...]","og_url":"https:\/\/www.albalatdelstarongers.es\/es\/taller-plantas-medicinales-de-la-serra-calderona\/","og_site_name":"Albalat dels Tarongers","article_publisher":"https:\/\/www.facebook.com\/aytoalbalatdelstarongers\/","article_published_time":"2026-04-17T07:23:29+00:00","article_modified_time":"2026-04-20T06:35:48+00:00","og_image":[{"width":800,"height":800,"url":"https:\/\/www.albalatdelstarongers.es\/wp-content\/uploads\/2026\/04\/Cartel-PMed-Albalat-2026.png","type":"image\/png"}],"author":"Albalat","twitter_card":"summary_large_image","twitter_misc":{"Escrito por":"Albalat","Tiempo de lectura":"3 minutos"},"schema":{"@context":"https:\/\/schema.org","@graph":[{"@type":"Article","@id":"https:\/\/www.albalatdelstarongers.es\/es\/taller-plantas-medicinales-de-la-serra-calderona\/#article","isPartOf":{"@id":"https:\/\/www.albalatdelstarongers.es\/es\/taller-plantas-medicinales-de-la-serra-calderona\/"},"author":{"name":"Albalat","@id":"https:\/\/www.albalatdelstarongers.es\/es\/#\/schema\/person\/75661cd39306eb36216c7157e2ca83ef"},"headline":"Taller plantas medicinales de la \u00abSerra Calderona\u00bb","datePublished":"2026-04-17T07:23:29+00:00","dateModified":"2026-04-20T06:35:48+00:00","mainEntityOfPage":{"@id":"https:\/\/www.albalatdelstarongers.es\/es\/taller-plantas-medicinales-de-la-serra-calderona\/"},"wordCount":366,"commentCount":0,"publisher":{"@id":"https:\/\/www.albalatdelstarongers.es\/es\/#organization"},"image":{"@id":"https:\/\/www.albalatdelstarongers.es\/es\/taller-plantas-medicinales-de-la-serra-calderona\/#primaryimage"},"thumbnailUrl":"https:\/\/www.albalatdelstarongers.es\/wp-content\/uploads\/2026\/04\/Cartel-PMed-Albalat-2026.png","articleSection":["Noticias"],"inLanguage":"es","potentialAction":[{"@type":"CommentAction","name":"Comment","target":["https:\/\/www.albalatdelstarongers.es\/es\/taller-plantas-medicinales-de-la-serra-calderona\/#respond"]}]},{"@type":"WebPage","@id":"https:\/\/www.albalatdelstarongers.es\/es\/taller-plantas-medicinales-de-la-serra-calderona\/","url":"https:\/\/www.albalatdelstarongers.es\/es\/taller-plantas-medicinales-de-la-serra-calderona\/","name":"Taller plantas medicinales de la \"Serra Calderona\" - Albalat dels Tarongers","isPartOf":{"@id":"https:\/\/www.albalatdelstarongers.es\/es\/#website"},"primaryImageOfPage":{"@id":"https:\/\/www.albalatdelstarongers.es\/es\/taller-plantas-medicinales-de-la-serra-calderona\/#primaryimage"},"image":{"@id":"https:\/\/www.albalatdelstarongers.es\/es\/taller-plantas-medicinales-de-la-serra-calderona\/#primaryimage"},"thumbnailUrl":"https:\/\/www.albalatdelstarongers.es\/wp-content\/uploads\/2026\/04\/Cartel-PMed-Albalat-2026.png","datePublished":"2026-04-17T07:23:29+00:00","dateModified":"2026-04-20T06:35:48+00:00","breadcrumb":{"@id":"https:\/\/www.albalatdelstarongers.es\/es\/taller-plantas-medicinales-de-la-serra-calderona\/#breadcrumb"},"inLanguage":"es","potentialAction":[{"@type":"ReadAction","target":["https:\/\/www.albalatdelstarongers.es\/es\/taller-plantas-medicinales-de-la-serra-calderona\/"]}]},{"@type":"ImageObject","inLanguage":"es","@id":"https:\/\/www.albalatdelstarongers.es\/es\/taller-plantas-medicinales-de-la-serra-calderona\/#primaryimage","url":"https:\/\/www.albalatdelstarongers.es\/wp-content\/uploads\/2026\/04\/Cartel-PMed-Albalat-2026.png","contentUrl":"https:\/\/www.albalatdelstarongers.es\/wp-content\/uploads\/2026\/04\/Cartel-PMed-Albalat-2026.png","width":800,"height":800},{"@type":"BreadcrumbList","@id":"https:\/\/www.albalatdelstarongers.es\/es\/taller-plantas-medicinales-de-la-serra-calderona\/#breadcrumb","itemListElement":[{"@type":"ListItem","position":1,"name":"Portada","item":"https:\/\/www.albalatdelstarongers.es\/es\/"},{"@type":"ListItem","position":2,"name":"Taller plantas medicinales de la &#8220;Serra Calderona&#8221;"}]},{"@type":"WebSite","@id":"https:\/\/www.albalatdelstarongers.es\/es\/#website","url":"https:\/\/www.albalatdelstarongers.es\/es\/","name":"Albalat dels Tarongers","description":"","publisher":{"@id":"https:\/\/www.albalatdelstarongers.es\/es\/#organization"},"potentialAction":[{"@type":"SearchAction","target":{"@type":"EntryPoint","urlTemplate":"https:\/\/www.albalatdelstarongers.es\/es\/?s={search_term_string}"},"query-input":{"@type":"PropertyValueSpecification","valueRequired":true,"valueName":"search_term_string"}}],"inLanguage":"es"},{"@type":"Organization","@id":"https:\/\/www.albalatdelstarongers.es\/es\/#organization","name":"Ajuntament Albalat dels Tarongers","url":"https:\/\/www.albalatdelstarongers.es\/es\/","logo":{"@type":"ImageObject","inLanguage":"es","@id":"https:\/\/www.albalatdelstarongers.es\/es\/#\/schema\/logo\/image\/","url":"https:\/\/www.albalatdelstarongers.es\/wp-content\/uploads\/2018\/11\/Albalat-dels-Tarongers.png","contentUrl":"https:\/\/www.albalatdelstarongers.es\/wp-content\/uploads\/2018\/11\/Albalat-dels-Tarongers.png","width":469,"height":110,"caption":"Ajuntament Albalat dels Tarongers"},"image":{"@id":"https:\/\/www.albalatdelstarongers.es\/es\/#\/schema\/logo\/image\/"},"sameAs":["https:\/\/www.facebook.com\/aytoalbalatdelstarongers\/","https:\/\/www.instagram.com\/albalat_dels_tarongers\/"]},{"@type":"Person","@id":"https:\/\/www.albalatdelstarongers.es\/es\/#\/schema\/person\/75661cd39306eb36216c7157e2ca83ef","name":"Albalat","image":{"@type":"ImageObject","inLanguage":"es","@id":"https:\/\/www.albalatdelstarongers.es\/es\/#\/schema\/person\/image\/","url":"https:\/\/secure.gravatar.com\/avatar\/3405bbf5dcb6eddfb1330fe6c906ddc2b6cbcca10fdc0d1cb29a6f46276817e0?s=96&d=mm&r=g","contentUrl":"https:\/\/secure.gravatar.com\/avatar\/3405bbf5dcb6eddfb1330fe6c906ddc2b6cbcca10fdc0d1cb29a6f46276817e0?s=96&d=mm&r=g","caption":"Albalat"}}]}},"_links":{"self":[{"href":"https:\/\/www.albalatdelstarongers.es\/es\/wp-json\/wp\/v2\/posts\/9870","targetHints":{"allow":["GET"]}}],"collection":[{"href":"https:\/\/www.albalatdelstarongers.es\/es\/wp-json\/wp\/v2\/posts"}],"about":[{"href":"https:\/\/www.albalatdelstarongers.es\/es\/wp-json\/wp\/v2\/types\/post"}],"author":[{"embeddable":true,"href":"https:\/\/www.albalatdelstarongers.es\/es\/wp-json\/wp\/v2\/users\/335"}],"replies":[{"embeddable":true,"href":"https:\/\/www.albalatdelstarongers.es\/es\/wp-json\/wp\/v2\/comments?post=9870"}],"version-history":[{"count":3,"href":"https:\/\/www.albalatdelstarongers.es\/es\/wp-json\/wp\/v2\/posts\/9870\/revisions"}],"predecessor-version":[{"id":9877,"href":"https:\/\/www.albalatdelstarongers.es\/es\/wp-json\/wp\/v2\/posts\/9870\/revisions\/9877"}],"wp:featuredmedia":[{"embeddable":true,"href":"https:\/\/www.albalatdelstarongers.es\/es\/wp-json\/wp\/v2\/media\/9875"}],"wp:attachment":[{"href":"https:\/\/www.albalatdelstarongers.es\/es\/wp-json\/wp\/v2\/media?parent=9870"}],"wp:term":[{"taxonomy":"category","embeddable":true,"href":"https:\/\/www.albalatdelstarongers.es\/es\/wp-json\/wp\/v2\/categories?post=9870"},{"taxonomy":"post_tag","embeddable":true,"href":"https:\/\/www.albalatdelstarongers.es\/es\/wp-json\/wp\/v2\/tags?post=9870"}],"curies":[{"name":"wp","href":"https:\/\/api.w.org\/{rel}","templated":true}]}}